{"id":103911,"date":"2025-12-12T16:12:15","date_gmt":"2025-12-12T16:12:15","guid":{"rendered":"https:\/\/www.europesays.com\/se\/103911\/"},"modified":"2025-12-12T16:12:15","modified_gmt":"2025-12-12T16:12:15","slug":"tv4-avslojade-bonden-viktors-val-i-bonde-soker-fru","status":"publish","type":"post","link":"https:\/\/www.europesays.com\/se\/103911\/","title":{"rendered":"TV4 avsl\u00f6jade bonden Viktors val i \u201dBonde s\u00f6ker fru\u201d"},"content":{"rendered":"<p>Publicerad 12 dec 2025 kl 17.00<\/p>\n<p>Hoppsan, TV4.<\/p>\n<p>Viktor Ronstr\u00f6ms val i \u201dBonde s\u00f6ker fru\u201d avsl\u00f6jades flera timmar i f\u00f6rv\u00e4g \u2013 p\u00e5 kanalens Youtube, skriver <a href=\"https:\/\/nojeslivet.se\/tv\/tv4s-tabbe-om-viktor-ronstroms-slutval-i-bonde-soker-fru\/\" rel=\"nofollow noopener\" target=\"_blank\">N\u00f6jeslivet<\/a>.<\/p>\n<p>Efter uppt\u00e4ckten agerar TV4.<\/p>\n<p><img   alt=\"\"\/> <\/p>\n<p>Foto: TV4<\/p>\n<p>\u00d6ppna bild i helsk\u00e4rm<img loading=\"lazy\"   alt=\"\"\/> <\/p>\n<p>Foto: TV4<\/p>\n<p>\u00d6ppna bild i helsk\u00e4rm<img loading=\"lazy\"   alt=\"\"\/> <\/p>\n<p>Foto: TV4<\/p>\n<p>\u00d6ppna bild i helsk\u00e4rm<img loading=\"lazy\"   alt=\"\"\/> <\/p>\n<p>Foto: TV4<\/p>\n<p>\u00d6ppna bild i helsk\u00e4rm<\/p>\n<p>I onsdagens avsnitt av \u201dBonde s\u00f6ker fru\u201d var det dags f\u00f6r bonden Viktor, 30, att v\u00e4lja mellan Ida och Linda.<\/p>\n<p>Men redan natten till onsdag avsl\u00f6jades valet p\u00e5 <a href=\"https:\/\/www.expressen.se\/tagg\/organization\/tv4\/\" class=\"\" rel=\"nofollow noopener\" target=\"_blank\">TV4<\/a>:s Youtube. D\u00e4r publicerades ett klipp d\u00e4r Viktor sa vem han valde.<\/p>\n<p>N\u00e4r N\u00f6jeslivet p\u00e5talade detta plockade TV4 ner klippet.<\/p>\n<p>TV4:s svar<\/p>\n<p>\u201dBonde s\u00f6ker frus\u201d producent Clara Tengbom skriver i en kommentar till sajten:<\/p>\n<p>\u201dSj\u00e4lvklart vill vi inte spoila f\u00f6r tittarna och klippet \u00e4r nu nedtaget.\u201d<\/p>\n<p>Vem Viktor valde?<\/p>\n<p>Spoilervarning, d\u00e5&#8230;<\/p>\n<p>Ida.<\/p>\n","protected":false},"excerpt":{"rendered":"Publicerad 12 dec 2025 kl 17.00 Hoppsan, TV4. Viktor Ronstr\u00f6ms val i \u201dBonde s\u00f6ker fru\u201d avsl\u00f6jades flera timmar&hellip;\n","protected":false},"author":2,"featured_media":103912,"comment_status":"","ping_status":"","sticky":false,"template":"","format":"standard","meta":{"footnotes":""},"categories":[67],"tags":[104,384,759,34,31,33,32,30,218,105],"class_list":{"0":"post-103911","1":"post","2":"type-post","3":"status-publish","4":"format-standard","5":"has-post-thumbnail","7":"category-underhallning","8":"tag-entertainment","9":"tag-organization-tv4","10":"tag-organization-youtube","11":"tag-se","12":"tag-svenska","13":"tag-sverige","14":"tag-sweden","15":"tag-swedish","16":"tag-topic-realityprogram","17":"tag-underhallning"},"share_on_mastodon":{"url":"https:\/\/pubeurope.com\/@se\/115707481422913492","error":""},"_links":{"self":[{"href":"https:\/\/www.europesays.com\/se\/wp-json\/wp\/v2\/posts\/103911","targetHints":{"allow":["GET"]}}],"collection":[{"href":"https:\/\/www.europesays.com\/se\/wp-json\/wp\/v2\/posts"}],"about":[{"href":"https:\/\/www.europesays.com\/se\/wp-json\/wp\/v2\/types\/post"}],"author":[{"embeddable":true,"href":"https:\/\/www.europesays.com\/se\/wp-json\/wp\/v2\/users\/2"}],"replies":[{"embeddable":true,"href":"https:\/\/www.europesays.com\/se\/wp-json\/wp\/v2\/comments?post=103911"}],"version-history":[{"count":0,"href":"https:\/\/www.europesays.com\/se\/wp-json\/wp\/v2\/posts\/103911\/revisions"}],"wp:featuredmedia":[{"embeddable":true,"href":"https:\/\/www.europesays.com\/se\/wp-json\/wp\/v2\/media\/103912"}],"wp:attachment":[{"href":"https:\/\/www.europesays.com\/se\/wp-json\/wp\/v2\/media?parent=103911"}],"wp:term":[{"taxonomy":"category","embeddable":true,"href":"https:\/\/www.europesays.com\/se\/wp-json\/wp\/v2\/categories?post=103911"},{"taxonomy":"post_tag","embeddable":true,"href":"https:\/\/www.europesays.com\/se\/wp-json\/wp\/v2\/tags?post=103911"}],"curies":[{"name":"wp","href":"https:\/\/api.w.org\/{rel}","templated":true}]}}