{"id":103923,"date":"2025-12-12T16:20:13","date_gmt":"2025-12-12T16:20:13","guid":{"rendered":"https:\/\/www.europesays.com\/se\/103923\/"},"modified":"2025-12-12T16:20:13","modified_gmt":"2025-12-12T16:20:13","slug":"stigande-julstjarnan-felicia-danielsson-drar-hem-till-jul-min-mamma-holl-pa-att-svimma","status":"publish","type":"post","link":"https:\/\/www.europesays.com\/se\/103923\/","title":{"rendered":"Stigande julstj\u00e4rnan Felicia Danielsson drar \u201dHem till jul\u201d: \u201dMin mamma h\u00f6ll p\u00e5 att svimma\u201d"},"content":{"rendered":"<p><strong>Felicia Danielsson<\/strong> har p\u00e5 kort tid utm\u00e4rkt sig som en m\u00e5ngsidig talang i den svenska film- och tv-v\u00e4rlden, b\u00e5de bakom och framf\u00f6r kameran.<\/p>\n<p>Hon slog igenom med den kritikerrosade komediserien \u201dLajka\u201d, d\u00e4r hon tillsammans med Vera Herngren b\u00e5de skrev manus och spelade en av huvudrollerna.<\/p>\n<p>Hon \u00e4r \u00e4ven medskapare och manusf\u00f6rfattare till ungdomsserien \u201dLeva Life\u201d och har som sk\u00e5despelare synts i verklighetsbaserade \u201dKnutby\u201d, politiska satirserien \u201dToppen\u201d och \u201dJ\u00f6nssonligan kommer tillbaka\u201d.<\/p>\n<p>Nu g\u00f6r hon g\u00e4nget i<strong> \u201dHem till jul\u201d<\/strong> s\u00e4llskap n\u00e4r den norska, popul\u00e4ra Netflix-serien kommer med sin tredje s\u00e4song. Serien forts\u00e4tter att f\u00f6lja sjuksk\u00f6terskan Johanne (Ida Elise Broch) och hennes stormiga familje- och k\u00e4rleksliv.<\/p>\n<p>Danielsson \u00e4r en av seriens nya sk\u00e5despelare och spelar en svensk v\u00e4ninna till Johanne.<\/p>\n<p><strong>Hur fick du rollen?<\/strong><\/p>\n<p>\u2013 Per-Olav S\u00f8rensen, som regisserar, jobbar ju inte s\u00e5 mycket med self-tapes eller provfilmningar \u2013 en sk\u00e5despelares mardr\u00f6m \u2013 utan han t\u00e4nker mer \u201cden h\u00e4r rollen skulle hon kunna g\u00f6ra\u201d. S\u00e5 jag fick erbjudandet direkt. Jag \u00e5kte till Norge f\u00f6r mask- och kostymprov men fattade inte riktigt att jag redan hade f\u00e5tt rollen. Jag t\u00e4nkte att jag fortfarande skulle provspela, men nej \u2013 jag hade f\u00e5tt den. Jag k\u00e4nner mig sjukt hedrad att f\u00e5 vara med. Min mamma h\u00f6ll p\u00e5 att svimma, det h\u00e4r \u00e4r hennes absoluta julfavorit.<\/p>\n<p><strong>Ber\u00e4tta lite om din karakt\u00e4r?<\/strong><\/p>\n<p>\u2013 Jag spelar en karakt\u00e4r som heter Vera, vilket \u00e4r lite kul eftersom Vera Herngren varit med och skrivit manus, och jag och Vera har skrivit mycket tillsammans. Min karakt\u00e4r har positiv energi och fungerar lite som en supporter f\u00f6r Johannas dejtingliv, men \u00e4r ocks\u00e5 en p\u00e5minnelse om att Johanne b\u00f6rjar bli \u00e4ldre och k\u00e4nna stress \u00f6ver det.<\/p>\n<p><strong>Vad var det som lockade dig att vara med?<\/strong><\/p>\n<p>\u2013 Framf\u00f6r allt tycker jag att den har en v\u00e4ldigt fin tematik som jag k\u00e4nner igen mig i: att vara singel som kvinna, med den biologiska klockan som tickar och den stress som f\u00f6ljer med det. Och s\u00e5 det d\u00e4r att man under julen blir extra medveten om var i livet man befinner sig \u2013 n\u00e4r man tr\u00e4ffar familj, syskon som f\u00e5tt barn eller har partners, allt det d\u00e4r. Serien \u00e4r ocks\u00e5 s\u00e5 sjukt fint spelad. Man skulle egentligen kunna se den \u00e4ven om det inte vore jul \u2013 karakt\u00e4rerna \u00e4r s\u00e5 fina.<\/p>\n<p><strong>Hur var det att jobba i Norge, med alla olika dialekter?<\/strong><\/p>\n<p>\u2013 Skojar du? Det har varit en liten shitstorm! Per-Olav visste nog att jag inte var s\u00e5 bra p\u00e5 norska \u2013 och det \u00e4r inte min karakt\u00e4r heller. N\u00e4r vi b\u00f6rjade filma kunde jag norska kanske 5%, och n\u00e4r vi slutade var jag uppe i 45%. Jag l\u00e4rde mig \u00e4nd\u00e5.<\/p>\n<p><strong>Serien p\u00e5minner ju om b\u00e5de skillnader och likheter mellan Norge och Sverige, i allt fr\u00e5n julfirande till dejting. Vilka skillnader och likheter har du m\u00e4rkt?<\/strong><\/p>\n<p>\u2013 I jultraditioner \u00e4r likheterna tydliga: man v\u00e4rnar om dem, man ska vara med familjen och g\u00f6ra allt som h\u00f6r till. Men Ida ber\u00e4ttade f\u00f6r mig om \u201cjulbock\u201d, d\u00e4r man plingar p\u00e5 hos folk och sjunger juls\u00e5nger \u2013 typ julens version av bus eller godis. Det hade jag aldrig h\u00f6rt om. N\u00e4r det g\u00e4ller dejting vet jag inte om skillnaderna \u00e4r s\u00e5 stora. Men jag gillar verkligen norrm\u00e4n \u2013 de k\u00e4nns mindre pretenti\u00f6sa \u00e4n svenskar och mer chill.<\/p>\n<p><img loading=\"lazy\" height=\"432\" width=\"648\" class=\"wp-image-708438 sp-no-webp perfmatters-lazy\" alt=\"\" decoding=\"async\" data-id=\"708438\" src=\"https:\/\/www.europesays.com\/se\/wp-content\/uploads\/2025\/12\/felicia-danielsson-Ida-Elise-Broch-hem-till-jul-648x432.jpg\"  data-\/> <\/p>\n<p><strong>Vad var roligast med inspelningen?<\/strong><\/p>\n<p>\u2013 Ida. Ida, Ida, Ida. Vi har blivit j\u00e4ttegoda v\u00e4nner och har en v\u00e4ldigt fin kemi. Det var ocks\u00e5 fantastiskt att vara i R\u00f8ros under v\u00e5ren. Det \u00e4r s\u00e5 vackert d\u00e4r. De hade s\u00e5dana d\u00e4r sparkar som man bara tar och glider runt p\u00e5 \u2013 det k\u00e4ndes som att vara med i \u201dElf\u201d.<\/p>\n<p><strong>Hur skiljde sig den h\u00e4r produktionen fr\u00e5n svenska produktioner?<\/strong><\/p>\n<p>\u2013 Inte j\u00e4ttemycket rent inspelningsm\u00e4ssigt. Den stora skillnaden var att komma in i s\u00e4song tre, d\u00e4r allt redan \u00e4r etablerat \u2013 rutiner, fotograf, regiss\u00f6r. Det var v\u00e4ldigt tryggt.<\/p>\n<p><strong>Var det mer press att komma in i en etablerad ensemble?<\/strong><\/p>\n<p>\u2013 Hundra procent. Jag k\u00e4nde verkligen press, f\u00f6r jag ville bidra till casten och tonen. Men de fick mig att k\u00e4nna mig trygg och v\u00e4lkommen.<\/p>\n<p><strong>Du \u00e4r inte heller den enda svensken i serien \u2013 Felix Sandman har ju varit med. Har ni haft kontakt?<\/strong><\/p>\n<p>\u2013 Ja, vi tr\u00e4ffades vid tv\u00e5 tillf\u00e4llen. Jag fick lite pepp och coachning om hur det \u00e4r att vara svensk i en norsk serie.<\/p>\n<p><strong>Du har gjort m\u00e5nga olika projekt i Sverige \u2013 har du n\u00e5gon dr\u00f6mroll eller n\u00e5got du vill g\u00f6ra h\u00e4rn\u00e4st?<\/strong><\/p>\n<p>\u2013 Jag kan s\u00e4ga s\u00e5 mycket som att jag och Vera har skrivit en serie som precis \u00e4r f\u00e4rdiginspelad och kommer ut i v\u00e5r. Jag f\u00e5r inte s\u00e4ga vad den handlar om eller var den ska s\u00e4ndas, men det \u00e4r ett stort dr\u00f6mprojekt. Det \u00e4r v\u00e5r tredje serie tillsammans, och jag vill forts\u00e4tta kombinera att skapa egna projekt och att sk\u00e5despela i andras.<\/p>\n<p><strong>Finns det n\u00e5got s\u00e4rskilt tema eller genre du vill utforska fram\u00f6ver i ditt skrivande?<\/strong><\/p>\n<p>\u2013 Jag skulle vilja g\u00f6ra mer thriller. Jag har gjort mycket komedi men blev sugen p\u00e5 mer psykologisk thriller efter \u201dKnutby\u201d. Jag vill utmana mig mer d\u00e4r.<\/p>\n<p><strong>Har du n\u00e5gra julfilmsfavoriter?<\/strong><\/p>\n<p>Jag kommer alltid s\u00e4ga \u201dTomten \u00e4r far till alla barnen\u201d. Och \u201dElf\u201d \u00e4r sjukt rolig. \u201dLove Actually\u201d ocks\u00e5, s\u00e5 klart. Klassiker allihop.<\/p>\n<p><strong>Tredje s\u00e4songen av \u201dHem till jul\u201d har premi\u00e4r p\u00e5 Netflix idag fredagen den 12 december. Se trailern nedan:<\/strong><\/p>\n<p><img loading=\"lazy\" decoding=\"async\" alt=\"YouTube video\" width=\"480\" height=\"360\" data-pin-nopin=\"true\" nopin=\"nopin\" class=\"perfmatters-lazy\" src=\"https:\/\/www.europesays.com\/se\/wp-content\/uploads\/2025\/12\/1765556413_501_hqdefault.jpg\"\/><\/p>\n","protected":false},"excerpt":{"rendered":"Felicia Danielsson har p\u00e5 kort tid utm\u00e4rkt sig som en m\u00e5ngsidig talang i den svenska film- och tv-v\u00e4rlden,&hellip;\n","protected":false},"author":2,"featured_media":103924,"comment_status":"","ping_status":"","sticky":false,"template":"","format":"standard","meta":{"footnotes":""},"categories":[67],"tags":[104,2399,34,31,33,32,30,105],"class_list":{"0":"post-103923","1":"post","2":"type-post","3":"status-publish","4":"format-standard","5":"has-post-thumbnail","7":"category-underhallning","8":"tag-entertainment","9":"tag-netflix","10":"tag-se","11":"tag-svenska","12":"tag-sverige","13":"tag-sweden","14":"tag-swedish","15":"tag-underhallning"},"share_on_mastodon":{"url":"https:\/\/pubeurope.com\/@se\/115707513011495653","error":""},"_links":{"self":[{"href":"https:\/\/www.europesays.com\/se\/wp-json\/wp\/v2\/posts\/103923","targetHints":{"allow":["GET"]}}],"collection":[{"href":"https:\/\/www.europesays.com\/se\/wp-json\/wp\/v2\/posts"}],"about":[{"href":"https:\/\/www.europesays.com\/se\/wp-json\/wp\/v2\/types\/post"}],"author":[{"embeddable":true,"href":"https:\/\/www.europesays.com\/se\/wp-json\/wp\/v2\/users\/2"}],"replies":[{"embeddable":true,"href":"https:\/\/www.europesays.com\/se\/wp-json\/wp\/v2\/comments?post=103923"}],"version-history":[{"count":0,"href":"https:\/\/www.europesays.com\/se\/wp-json\/wp\/v2\/posts\/103923\/revisions"}],"wp:featuredmedia":[{"embeddable":true,"href":"https:\/\/www.europesays.com\/se\/wp-json\/wp\/v2\/media\/103924"}],"wp:attachment":[{"href":"https:\/\/www.europesays.com\/se\/wp-json\/wp\/v2\/media?parent=103923"}],"wp:term":[{"taxonomy":"category","embeddable":true,"href":"https:\/\/www.europesays.com\/se\/wp-json\/wp\/v2\/categories?post=103923"},{"taxonomy":"post_tag","embeddable":true,"href":"https:\/\/www.europesays.com\/se\/wp-json\/wp\/v2\/tags?post=103923"}],"curies":[{"name":"wp","href":"https:\/\/api.w.org\/{rel}","templated":true}]}}