{"id":103925,"date":"2025-12-12T16:21:19","date_gmt":"2025-12-12T16:21:19","guid":{"rendered":"https:\/\/www.europesays.com\/se\/103925\/"},"modified":"2025-12-12T16:21:19","modified_gmt":"2025-12-12T16:21:19","slug":"philips-hue-anvandare-kan-nu-kombinera-gamla-bridge-enheter-i-nya-hue-bridge-pro","status":"publish","type":"post","link":"https:\/\/www.europesays.com\/se\/103925\/","title":{"rendered":"Philips Hue-anv\u00e4ndare kan nu kombinera gamla bridge-enheter i nya Hue Bridge Pro"},"content":{"rendered":"<p class=\"first_para\">Med version 5.57 av Philips Hue-appen, som lanserades i december 2025, \u00e4r det \u00e4ntligen m\u00f6jligt att flytta enheter fr\u00e5n flera gamla Hue Bridge-enheter till en enda <a href=\"https:\/\/www.ljudochbild.se\/test\/smart-hem\/philips-hue-bridge-pro\/\" rel=\"nofollow noopener\" target=\"_blank\">Hue Bridge Pro<\/a>. Tillverkaren lovade detta redan i september, n\u00e4r <a href=\"https:\/\/www.ljudochbild.se\/nyheter\/smart-hem\/ifa-2025-philips-hue-lanserar-bridge-pro-och-ny-essential-serie\/\" rel=\"nofollow noopener\" target=\"_blank\">Philips Hue Bridge Pro f\u00f6rst presenterades<\/a> p\u00e5 IFA-m\u00e4ssan i Berlin.<\/p>\n<p>Tidigare kunde man bara \u00f6verf\u00f6ra inneh\u00e5ll fr\u00e5n en enda bridge, vilket skapade problem f\u00f6r de som hade Hue-system b\u00e5de p\u00e5 bottenv\u00e5ningen och p\u00e5 f\u00f6rsta v\u00e5ningen, eller f\u00f6r de som hade n\u00e5tt kapacitetsgr\u00e4nsen p\u00e5 cirka 50 lampor per bridge med det gamla systemet.<\/p>\n<p>Bridge Pro kan hantera upp till 150 lampor och 50 tillbeh\u00f6r p\u00e5 en enda hubb, vilket motsvarar kapaciteten hos cirka tre gamla bridge-enheter, enligt Signify, tillverkaren av Philips Hue-produkter.<\/p>\n<p>L\u00e4s ocks\u00e5<\/p>\n<p><a style=\"text-decoration:none;font-size:21px;font-family:outfit;font-weight:600;color:#000;display:inline-block;width:100%;margin-bottom:10px;\" href=\"https:\/\/www.ljudochbild.se\/test\/smart-hem\/philips-hue-bridge-pro\/\" rel=\"nofollow noopener\" target=\"_blank\">TEST: Philips Hue Bridge Pro<\/a><\/p>\n<p>Philips Hue Bridge Pro \u00e4r avsedd f\u00f6r stora hem med m\u00e5nga Hue-produkter. F\u00f6r oss andra med f\u00e4rre \u00e4n 50 gl\u00f6dlampor \u00e4r den inte lika n\u00f6dv\u00e4ndig, men \u00e4nd\u00e5 v\u00e4rd att rekommendera om du startar ett system fr\u00e5n grunden.<\/p>\n<p>S\u00e5 migrerar du flera bridge-enheter<\/p>\n<p>Processen kr\u00e4ver Hue-appen version 5.57 eller senare, samt den senaste firmwareversionen p\u00e5 b\u00e5de Bridge Pro och de gamla bridge-enheterna. Alla bridge-enheter m\u00e5ste vara kopplade till samma Hue-konto, och anv\u00e4ndaren m\u00e5ste vara kontoadministrat\u00f6r f\u00f6r att kunna genomf\u00f6ra migreringen.<\/p>\n<p>F\u00f6rsta g\u00e5ngen man migrerar en bridge till en tom Bridge Pro \u00f6verf\u00f6rs n\u00e4stan allt inneh\u00e5ll automatiskt. Detta inkluderar alla lampor, tillbeh\u00f6r, rum, zoner och scener fr\u00e5n den bridge-enheten. Processen tar vanligtvis 30 till 60 minuter, under vilken tid lamporna kan blinka och enheterna tillf\u00e4lligt inte \u00e4r tillg\u00e4ngliga.<\/p>\n<p>N\u00e4r den f\u00f6rsta migreringen \u00e4r klar kan man l\u00e4gga till yttre bridge-enheter en i taget. Detta g\u00f6rs antingen genom att f\u00f6lja appens anvisningar efter den f\u00f6rsta migreringen eller genom att g\u00e5 till Inst\u00e4llningar \u2192 Bridges i appen, v\u00e4lja Bridge Pro och trycka p\u00e5 \u201dMigrera till denna bridge\u201d. H\u00e4r kan man sedan v\u00e4lja vilka av de \u00e5terst\u00e5ende bridge-enheterna man vill \u00f6verf\u00f6ra.<\/p>\n<p><img fetchpriority=\"high\" decoding=\"async\" class=\"size-full wp-image-479206\" src=\"https:\/\/www.europesays.com\/se\/wp-content\/uploads\/2025\/09\/philipshue_bridgepro.jpg\" alt=\"Philips Hue Bridge Pro\" width=\"1920\" height=\"1080\" title=\"Philips Hue-anv\u00e4ndare kan nu kombinera gamla bridge-enheter i nya Hue Bridge Pro 1\"\/>Bridge Pro st\u00f6der upp till 150 lampor. (Foto: Peter Gotschalk)<br \/>\nVad \u00f6verf\u00f6rs automatiskt<\/p>\n<p>F\u00f6r den f\u00f6rsta bridge-enheten \u00f6verf\u00f6rs n\u00e4stan allt automatiskt. F\u00f6r efterf\u00f6ljande bridge-enheter \u00e4r processen mer blandad. Standard Hue-lampor, uttag, str\u00f6mbrytare, sensorer, kameror och d\u00f6rrklockor \u00f6verf\u00f6rs automatiskt, f\u00f6rutsatt att de \u00e4r p\u00e5slagna, inom r\u00e4ckvidden och har den senaste firmware, garanterar Philips.<\/p>\n<p>Rum, zoner och scener \u00f6verf\u00f6rs ocks\u00e5, s\u00e5vida man inte n\u00e5r Bridge Pros kapacitetsgr\u00e4ns. Appen informerar anv\u00e4ndaren om vissa rum eller scener inte kan \u00e5terskapas p\u00e5 grund av utrymmesbegr\u00e4nsningar.<\/p>\n<p>Manuell installation kr\u00e4vs<\/p>\n<p>Vissa typer av enheter och inst\u00e4llningar kr\u00e4ver dock manuell hantering. Friends of Hue-brytare och den \u00e4ldre Hue Tap m\u00e5ste kopplas ihop manuellt med Bridge Pro efter migreringen. Appen guidar anv\u00e4ndaren genom processen, men det kr\u00e4vs att man trycker p\u00e5 inst\u00e4llningsknappen p\u00e5 varje enhet.<\/p>\n<p>Zigbee-enheter fr\u00e5n tredje part m\u00e5ste \u00e5terst\u00e4llas och l\u00e4ggas till igen manuellt. Detsamma g\u00e4ller automatiseringar och rutiner fr\u00e5n de extra bridge-enheterna \u2013 dessa m\u00e5ste \u00e5terskapas i appen efter migreringen.<\/p>\n<p>Smarta hem-integrationer som Apple HomeKit, Amazon Alexa och Google Assistant m\u00e5ste ocks\u00e5 anslutas till Bridge Pro p\u00e5 nytt. F\u00f6r HomeKit tar man bort den gamla bridge-enheten fr\u00e5n Apple Home-appen och l\u00e4gger till Bridge Pro som en ny hubb. F\u00f6r Alexa kan man antingen be assistenten att uppt\u00e4cka nya enheter eller l\u00e4nka om Hue-funktionen om automatisk uppt\u00e4ckt inte fungerar.<\/p>\n<p>Begr\u00e4nsningar<\/p>\n<p>Bridge Pros kapacitet p\u00e5 150 lampor och 50 tillbeh\u00f6r s\u00e4tter en naturlig gr\u00e4ns f\u00f6r hur m\u00e5nga bridge-enheter man kan ansluta. Om man f\u00f6rs\u00f6ker migrera fler bridge-enheter \u00e4n kapaciteten till\u00e5ter kommer appen att informera om vilka enheter som inte kan \u00f6verf\u00f6ras.<\/p>\n<p>\u00c4ldre SmartLink-tillbeh\u00f6r fr\u00e5n Hue-systemets tidiga \u00e5r st\u00f6ds inte av Bridge Pro och kan d\u00e4rf\u00f6r inte migreras.<\/p>\n<p>Philips rekommenderar att du h\u00e5ller din mobiltelefon p\u00e5slagen och ol\u00e5st under hela migreringsprocessen f\u00f6r att undvika avbrott. Det kan vara en bra id\u00e9 att ladda din smartphone, eftersom processen f\u00f6r varje brygga kan ta upp till en timme.<\/p>\n<p><img loading=\"lazy\" decoding=\"async\" class=\"size-full wp-image-479203\" src=\"https:\/\/www.europesays.com\/se\/wp-content\/uploads\/2025\/12\/philipshue_TOP.jpg\" alt=\"philipshue TOP\" width=\"2560\" height=\"1440\" title=\"Philips Hue-anv\u00e4ndare kan nu kombinera gamla bridge-enheter i nya Hue Bridge Pro 2\"\/>N\u00e4r Signify lanserade Philips Hue Bridge Pro p\u00e5 IFA-m\u00e4ssan i Berlin lovade tillverkaren att st\u00f6d f\u00f6r att kombinera flera bridge-enheter i en Bridge Pro skulle finnas tillg\u00e4ngligt f\u00f6re \u00e5rets slut. Nu har de uppfyllt det l\u00f6ftet. (Foto: Peter Gotschalk)<br \/>\nTillg\u00e4nglighet<\/p>\n<p>Funktionen \u00e4r tillg\u00e4nglig nu i b\u00e5de iOS- och Android-versionerna av Philips Hue-appen. Uppdateringen kan laddas ner gratis fr\u00e5n App Store och Google Play. Bridge Pro kostar 1 039 kronor och kan k\u00f6pas fr\u00e5n bland annat Elgiganten, Power och <a href=\"https:\/\/www.philips-hue.com\/sv-se\/p\/hue-bridge-pro\/8720169155114\" target=\"_blank\" rel=\"noopener nofollow\">Philips hemsida<\/a>.<\/p>\n<p>    <a href=\"https:\/\/www.ljudochbild.se\/author\/peter-gotschalklydogbillede-dk\/\" rel=\"nofollow noopener\" target=\"_blank\"><br \/>\n        <img decoding=\"async\" style=\"border-radius:50px;width:90px;\" alt=\"Peter Gotschalk\" src=\"https:\/\/www.europesays.com\/se\/wp-content\/uploads\/2025\/08\/petergotschalk_small.jpg\"\/> <\/a>   <\/p>\n<p>\n(f. 1973): Chefredakt\u00f6r L&amp;B Home. Peter har arbetat f\u00f6r Ljud &amp; Bild sedan 2012. Han har varit aktiv som teknikjournalist i m\u00e5nga medier sedan 1998, bland annat som chefredakt\u00f6r f\u00f6r prylmagasinet GEAR och som journalist f\u00f6r tidningarna PC World och Privat Computer. Peter skriver om mobiltelefoner och andra b\u00e4rbara enheter samt om teknisk innovation, inklusive 5G, elektrisk mobilitet och smarta hem.\n<\/p>\n<p>    <a href=\"https:\/\/www.ljudochbild.se\/arets-basta-home-produkter-2025-2026\/\" rel=\"nofollow noopener\" target=\"_blank\"> <img decoding=\"async\" src=\"https:\/\/www.europesays.com\/se\/wp-content\/uploads\/2025\/11\/Svensk-Home-1.png\"\/><\/a><\/p>\n","protected":false},"excerpt":{"rendered":"Med version 5.57 av Philips Hue-appen, som lanserades i december 2025, \u00e4r det \u00e4ntligen m\u00f6jligt att flytta enheter&hellip;\n","protected":false},"author":2,"featured_media":103926,"comment_status":"","ping_status":"","sticky":false,"template":"","format":"standard","meta":{"footnotes":""},"categories":[66],"tags":[80,78,79,34,31,33,32,30,81,84,83,82],"class_list":{"0":"post-103925","1":"post","2":"type-post","3":"status-publish","4":"format-standard","5":"has-post-thumbnail","7":"category-vetenskap-och-teknik","8":"tag-science","9":"tag-science-and-technology","10":"tag-scienceandtechnology","11":"tag-se","12":"tag-svenska","13":"tag-sverige","14":"tag-sweden","15":"tag-swedish","16":"tag-technology","17":"tag-teknik","18":"tag-vetenskap","19":"tag-vetenskapteknik"},"share_on_mastodon":{"url":"https:\/\/pubeurope.com\/@se\/115707516388550827","error":""},"_links":{"self":[{"href":"https:\/\/www.europesays.com\/se\/wp-json\/wp\/v2\/posts\/103925","targetHints":{"allow":["GET"]}}],"collection":[{"href":"https:\/\/www.europesays.com\/se\/wp-json\/wp\/v2\/posts"}],"about":[{"href":"https:\/\/www.europesays.com\/se\/wp-json\/wp\/v2\/types\/post"}],"author":[{"embeddable":true,"href":"https:\/\/www.europesays.com\/se\/wp-json\/wp\/v2\/users\/2"}],"replies":[{"embeddable":true,"href":"https:\/\/www.europesays.com\/se\/wp-json\/wp\/v2\/comments?post=103925"}],"version-history":[{"count":0,"href":"https:\/\/www.europesays.com\/se\/wp-json\/wp\/v2\/posts\/103925\/revisions"}],"wp:featuredmedia":[{"embeddable":true,"href":"https:\/\/www.europesays.com\/se\/wp-json\/wp\/v2\/media\/103926"}],"wp:attachment":[{"href":"https:\/\/www.europesays.com\/se\/wp-json\/wp\/v2\/media?parent=103925"}],"wp:term":[{"taxonomy":"category","embeddable":true,"href":"https:\/\/www.europesays.com\/se\/wp-json\/wp\/v2\/categories?post=103925"},{"taxonomy":"post_tag","embeddable":true,"href":"https:\/\/www.europesays.com\/se\/wp-json\/wp\/v2\/tags?post=103925"}],"curies":[{"name":"wp","href":"https:\/\/api.w.org\/{rel}","templated":true}]}}