{"id":103927,"date":"2025-12-12T16:24:18","date_gmt":"2025-12-12T16:24:18","guid":{"rendered":"https:\/\/www.europesays.com\/se\/103927\/"},"modified":"2025-12-12T16:24:18","modified_gmt":"2025-12-12T16:24:18","slug":"regeringen-foreslar-hogre-krav-for-anhoriginvandring","status":"publish","type":"post","link":"https:\/\/www.europesays.com\/se\/103927\/","title":{"rendered":"Regeringen f\u00f6resl\u00e5r h\u00f6gre krav f\u00f6r anh\u00f6riginvandring"},"content":{"rendered":"<p>Regeringen och SD vill h\u00f6ja f\u00f6rs\u00f6rjningskravet f\u00f6r anh\u00f6riginvandring med 30 procent, s\u00e4ger migrationsminister Johan Forssell (M) till TT.<\/p>\n<p>Enligt Forssell \u00e4r sk\u00e4rpningen avg\u00f6rande f\u00f6r att lyckas med integrationen och minska utanf\u00f6rskapet.<\/p>\n<p>\u2013 Vi vill att den som kommer till Sverige inte bara ska kunna f\u00f6rs\u00f6rja sig sj\u00e4lv utan ocks\u00e5 sin familj, s\u00e4ger han i ett pressmeddelande.<\/p>\n<p>Tid\u00f6partierna vill ocks\u00e5 strama \u00e5t vilken typ av inkomst som godk\u00e4nns. Bland annat kommer ers\u00e4ttning fr\u00e5n a-kassa inte l\u00e4ngre att r\u00e4knas.<\/p>\n<p>F\u00f6rslagen ska nu ut p\u00e5 remiss och \u00e4r t\u00e4nkta att tr\u00e4da i kraft 2027.<\/p>\n<p>Omni \u00e4r politiskt obundna och oberoende. Vi str\u00e4var efter att ge fler perspektiv p\u00e5 nyheterna. Har du fr\u00e5gor eller synpunkter kring v\u00e5r rapportering? <a href=\"https:\/\/omni.se\/regeringen-foreslar-hogre-krav-for-anhoriginvandring\/a\/mailto:redaktion@omni.se\" class=\"ArticleActions_contactLink__W2F1M\" rel=\"nofollow noopener\" target=\"_blank\">Kontakta redaktionen<\/a><\/p>\n","protected":false},"excerpt":{"rendered":"Regeringen och SD vill h\u00f6ja f\u00f6rs\u00f6rjningskravet f\u00f6r anh\u00f6riginvandring med 30 procent, s\u00e4ger migrationsminister Johan Forssell (M) till TT.&hellip;\n","protected":false},"author":2,"featured_media":103928,"comment_status":"","ping_status":"","sticky":false,"template":"","format":"standard","meta":{"footnotes":""},"categories":[12],"tags":[22,23,26,27,17,21,2693,1107,24,25,639,28,29,1510,551,15,16,369,18,34,31,33,617,32,30,19,20],"class_list":{"0":"post-103927","1":"post","2":"type-post","3":"status-publish","4":"format-standard","5":"has-post-thumbnail","7":"category-sverige","8":"tag-breaking-news","9":"tag-breakingnews","10":"tag-featured-news","11":"tag-featurednews","12":"tag-headlines","13":"tag-huvudnyheter","14":"tag-johan-forssell","15":"tag-kristdemokraterna","16":"tag-latest-news","17":"tag-latestnews","18":"tag-liberalerna","19":"tag-main-news","20":"tag-mainnews","21":"tag-migrationspolitik","22":"tag-moderaterna","23":"tag-news","24":"tag-nyheter","25":"tag-politik","26":"tag-rubriker","27":"tag-se","28":"tag-svenska","29":"tag-sverige","30":"tag-sverigedemokraterna","31":"tag-sweden","32":"tag-swedish","33":"tag-top-stories","34":"tag-topstories"},"share_on_mastodon":{"url":"https:\/\/pubeurope.com\/@se\/115707528123155845","error":""},"_links":{"self":[{"href":"https:\/\/www.europesays.com\/se\/wp-json\/wp\/v2\/posts\/103927","targetHints":{"allow":["GET"]}}],"collection":[{"href":"https:\/\/www.europesays.com\/se\/wp-json\/wp\/v2\/posts"}],"about":[{"href":"https:\/\/www.europesays.com\/se\/wp-json\/wp\/v2\/types\/post"}],"author":[{"embeddable":true,"href":"https:\/\/www.europesays.com\/se\/wp-json\/wp\/v2\/users\/2"}],"replies":[{"embeddable":true,"href":"https:\/\/www.europesays.com\/se\/wp-json\/wp\/v2\/comments?post=103927"}],"version-history":[{"count":0,"href":"https:\/\/www.europesays.com\/se\/wp-json\/wp\/v2\/posts\/103927\/revisions"}],"wp:featuredmedia":[{"embeddable":true,"href":"https:\/\/www.europesays.com\/se\/wp-json\/wp\/v2\/media\/103928"}],"wp:attachment":[{"href":"https:\/\/www.europesays.com\/se\/wp-json\/wp\/v2\/media?parent=103927"}],"wp:term":[{"taxonomy":"category","embeddable":true,"href":"https:\/\/www.europesays.com\/se\/wp-json\/wp\/v2\/categories?post=103927"},{"taxonomy":"post_tag","embeddable":true,"href":"https:\/\/www.europesays.com\/se\/wp-json\/wp\/v2\/tags?post=103927"}],"curies":[{"name":"wp","href":"https:\/\/api.w.org\/{rel}","templated":true}]}}