{"id":103929,"date":"2025-12-12T16:25:14","date_gmt":"2025-12-12T16:25:14","guid":{"rendered":"https:\/\/www.europesays.com\/se\/103929\/"},"modified":"2025-12-12T16:25:14","modified_gmt":"2025-12-12T16:25:14","slug":"sa-enkelt-ar-det-att-kapa-ministrarnas-adresser","status":"publish","type":"post","link":"https:\/\/www.europesays.com\/se\/103929\/","title":{"rendered":"S\u00e5 enkelt \u00e4r det att kapa ministrarnas adresser"},"content":{"rendered":"<p>Till skillnad fr\u00e5n folkbokf\u00f6ring p\u00e5 annan adress \u00e4n den egna, \u00e4r det inte brottsligt att anm\u00e4la s\u00e4rskild postadress hos n\u00e5gon annan \u2013\u00a0eller \u00f6ppna n\u00e5gon annans ol\u00e5sta brevl\u00e5da.<\/p>\n<p>Luckan i Skatteverkets system har orsakat problem f\u00f6r boende p\u00e5 de drabbade adresserna. I stugomr\u00e5det Vidja, s\u00f6der om Stockholm, hade hundratals personer registrerat sin postadress eller folkbokf\u00f6rt sig p\u00e5 \u00e5tta adresser, avsl\u00f6jade Hem &amp; Hyra tidigare i \u00e5r. En boende vittnade om hur hon \u00f6ver\u00f6stes med fr\u00e4mlingars myndighetsbrev.<\/p>\n","protected":false},"excerpt":{"rendered":"Till skillnad fr\u00e5n folkbokf\u00f6ring p\u00e5 annan adress \u00e4n den egna, \u00e4r det inte brottsligt att anm\u00e4la s\u00e4rskild postadress&hellip;\n","protected":false},"author":2,"featured_media":103930,"comment_status":"","ping_status":"","sticky":false,"template":"","format":"standard","meta":{"footnotes":""},"categories":[5],"tags":[22,23,26,27,17,21,24,25,28,29,15,16,18,34,31,33,32,30,19,20],"class_list":{"0":"post-103929","1":"post","2":"type-post","3":"status-publish","4":"format-standard","5":"has-post-thumbnail","7":"category-rubriker","8":"tag-breaking-news","9":"tag-breakingnews","10":"tag-featured-news","11":"tag-featurednews","12":"tag-headlines","13":"tag-huvudnyheter","14":"tag-latest-news","15":"tag-latestnews","16":"tag-main-news","17":"tag-mainnews","18":"tag-news","19":"tag-nyheter","20":"tag-rubriker","21":"tag-se","22":"tag-svenska","23":"tag-sverige","24":"tag-sweden","25":"tag-swedish","26":"tag-top-stories","27":"tag-topstories"},"share_on_mastodon":{"url":"https:\/\/pubeurope.com\/@se\/115707532134226998","error":""},"_links":{"self":[{"href":"https:\/\/www.europesays.com\/se\/wp-json\/wp\/v2\/posts\/103929","targetHints":{"allow":["GET"]}}],"collection":[{"href":"https:\/\/www.europesays.com\/se\/wp-json\/wp\/v2\/posts"}],"about":[{"href":"https:\/\/www.europesays.com\/se\/wp-json\/wp\/v2\/types\/post"}],"author":[{"embeddable":true,"href":"https:\/\/www.europesays.com\/se\/wp-json\/wp\/v2\/users\/2"}],"replies":[{"embeddable":true,"href":"https:\/\/www.europesays.com\/se\/wp-json\/wp\/v2\/comments?post=103929"}],"version-history":[{"count":0,"href":"https:\/\/www.europesays.com\/se\/wp-json\/wp\/v2\/posts\/103929\/revisions"}],"wp:featuredmedia":[{"embeddable":true,"href":"https:\/\/www.europesays.com\/se\/wp-json\/wp\/v2\/media\/103930"}],"wp:attachment":[{"href":"https:\/\/www.europesays.com\/se\/wp-json\/wp\/v2\/media?parent=103929"}],"wp:term":[{"taxonomy":"category","embeddable":true,"href":"https:\/\/www.europesays.com\/se\/wp-json\/wp\/v2\/categories?post=103929"},{"taxonomy":"post_tag","embeddable":true,"href":"https:\/\/www.europesays.com\/se\/wp-json\/wp\/v2\/tags?post=103929"}],"curies":[{"name":"wp","href":"https:\/\/api.w.org\/{rel}","templated":true}]}}