{"id":103931,"date":"2025-12-12T16:26:10","date_gmt":"2025-12-12T16:26:10","guid":{"rendered":"https:\/\/www.europesays.com\/se\/103931\/"},"modified":"2025-12-12T16:26:10","modified_gmt":"2025-12-12T16:26:10","slug":"vinterkraksjukan-har-borjat-spridas-inte-mojligt-forutspa-dala-demokraten","status":"publish","type":"post","link":"https:\/\/www.europesays.com\/se\/103931\/","title":{"rendered":"Vinterkr\u00e4ksjukan har b\u00f6rjat spridas &#8211; \u201dInte m\u00f6jligt f\u00f6rutsp\u00e5\u201d &#8211; Dala-Demokraten"},"content":{"rendered":"<ol>\n<li><a href=\"https:\/\/news.google.com\/rss\/articles\/CBMioAFBVV95cUxQQ2dEdFN4aGJ6X0w3Z0tWVG5KVDUyRU9RSnFyTVlfYzBCTFpBamppTWJRYmxRa2JyYWpLSFpOa19HODRqNGpfTmtUc1Y1N2Y4eDhBdGJBS2RyX2pwOWR1MWhNaXRXWjNMcEVxeW5lS3pUSWdtbXVqT2N6VlRJYmtEaks2LXN4WXF0cGozbnZtZTJPbGZKVFhSVzVBb01DcjFL?oc=5\" target=\"_blank\" rel=\"nofollow noopener\">Vinterkr\u00e4ksjukan har b\u00f6rjat spridas &#8211; \u201dInte m\u00f6jligt f\u00f6rutsp\u00e5\u201d<\/a>&nbsp;&nbsp;Dala-Demokraten<\/li>\n<li><a href=\"https:\/\/news.google.com\/rss\/articles\/CBMiigFBVV95cUxOTngxLWNkb1FUNUJlc3VmMVhHQUtPUHR6SnZiRHZjMjlhR0xMSk5hNm1MNEJYUWpLazJyMHN0b1VIMVFnZE5ibzluVDNaYXFuUXZmZy01eE5RcF9YRk9NcnNfTG9JMTRjUzJ2T2ZRSC1ZNWQxVlRZX095cUNhY2hoRGwxYjBnZ2NDZnc?oc=5\" target=\"_blank\" rel=\"nofollow noopener\">Luciafirande st\u00e4lls in \u2013 p\u00e5 grund av kr\u00e4ksjuka<\/a>&nbsp;&nbsp;Aftonbladet<\/li>\n<li><a href=\"https:\/\/news.google.com\/rss\/articles\/CBMimwFBVV95cUxOdHNKbF9Tc1prT0ZSd3BBOUNWNzV3Q2tDZlBiYnhORUZzbms1Z0hRQS1vWUk5WHVDY2t0MU80aWZmeGNtMk9YeGc0MDFDaWxNMWVCQ2pXX1dUMTk5X3RzY2pvMlpTSE5ZY2k3M3ZWQ2ZvampkTXFIaHdWSWNwVVlOUFNuZF9nVDVyVDZLU0ZiWVBYWTR3NVJZRnV6cw?oc=5\" target=\"_blank\" rel=\"nofollow noopener\">Kr\u00e4ksjuka drabbar skola p\u00e5 Hammar\u00f6 \u2013 luciat\u00e5g inst\u00e4llt<\/a>&nbsp;&nbsp;SVT Nyheter<\/li>\n<li><a href=\"https:\/\/news.google.com\/rss\/articles\/CBMikwFBVV95cUxQaTFLSzhqZV9TeTVXeEpReERHTnJfYUJjMkpmOXpMeFpiVlJQb1lNS21GLW1SN0JiMkwwOEI4Y3lYaFBpZmFfSWJSVS1wVjBUblJSTnFGYnVhVnROTmVmVTIwOUNVX09leVJHYW42b3RxSFNzY3N3cXZxYy1VbkI2S3FKM0RONURHd1FvRTB2T1NnbW8?oc=5\" target=\"_blank\" rel=\"nofollow noopener\">Skolan lamslagen av kr\u00e4ksjukan \u2013 \u00f6ver 100 elever sjuka<\/a>&nbsp;&nbsp;NWT<\/li>\n<li><a href=\"https:\/\/news.google.com\/rss\/articles\/CBMiakFVX3lxTE5KUXpBZFRXQnozMzhUeFFFSXlVeldmdkE4RG93WkpObmVkdDFnWExlYkg0NWhUekpMWlFwc1dkVkZpUmJjQVp4M3o0Z3NfcUxGdTVsZ0VOdjFmdHozZVQ0UGo4NFA1dUQ3V3c?oc=5\" target=\"_blank\" rel=\"nofollow noopener\">Kr\u00e4ksjukan har b\u00f6rjat<\/a>&nbsp;&nbsp;8 Sidor<\/li>\n<\/ol>\n","protected":false},"excerpt":{"rendered":"Vinterkr\u00e4ksjukan har b\u00f6rjat spridas &#8211; \u201dInte m\u00f6jligt f\u00f6rutsp\u00e5\u201d&nbsp;&nbsp;Dala-Demokraten Luciafirande st\u00e4lls in \u2013 p\u00e5 grund av kr\u00e4ksjuka&nbsp;&nbsp;Aftonbladet Kr\u00e4ksjuka drabbar&hellip;\n","protected":false},"author":2,"featured_media":103932,"comment_status":"","ping_status":"","sticky":false,"template":"","format":"standard","meta":{"footnotes":""},"categories":[69],"tags":[113,112,34,31,33,32,30],"class_list":{"0":"post-103931","1":"post","2":"type-post","3":"status-publish","4":"format-standard","5":"has-post-thumbnail","7":"category-halsa","8":"tag-halsa","9":"tag-health","10":"tag-se","11":"tag-svenska","12":"tag-sverige","13":"tag-sweden","14":"tag-swedish"},"share_on_mastodon":{"url":"https:\/\/pubeurope.com\/@se\/115707535860576879","error":""},"_links":{"self":[{"href":"https:\/\/www.europesays.com\/se\/wp-json\/wp\/v2\/posts\/103931","targetHints":{"allow":["GET"]}}],"collection":[{"href":"https:\/\/www.europesays.com\/se\/wp-json\/wp\/v2\/posts"}],"about":[{"href":"https:\/\/www.europesays.com\/se\/wp-json\/wp\/v2\/types\/post"}],"author":[{"embeddable":true,"href":"https:\/\/www.europesays.com\/se\/wp-json\/wp\/v2\/users\/2"}],"replies":[{"embeddable":true,"href":"https:\/\/www.europesays.com\/se\/wp-json\/wp\/v2\/comments?post=103931"}],"version-history":[{"count":0,"href":"https:\/\/www.europesays.com\/se\/wp-json\/wp\/v2\/posts\/103931\/revisions"}],"wp:featuredmedia":[{"embeddable":true,"href":"https:\/\/www.europesays.com\/se\/wp-json\/wp\/v2\/media\/103932"}],"wp:attachment":[{"href":"https:\/\/www.europesays.com\/se\/wp-json\/wp\/v2\/media?parent=103931"}],"wp:term":[{"taxonomy":"category","embeddable":true,"href":"https:\/\/www.europesays.com\/se\/wp-json\/wp\/v2\/categories?post=103931"},{"taxonomy":"post_tag","embeddable":true,"href":"https:\/\/www.europesays.com\/se\/wp-json\/wp\/v2\/tags?post=103931"}],"curies":[{"name":"wp","href":"https:\/\/api.w.org\/{rel}","templated":true}]}}