{"id":103935,"date":"2025-12-12T16:32:56","date_gmt":"2025-12-12T16:32:56","guid":{"rendered":"https:\/\/www.europesays.com\/se\/103935\/"},"modified":"2025-12-12T16:32:56","modified_gmt":"2025-12-12T16:32:56","slug":"miljopartiet-ar-ett-hot-mot-jobben-i-skogen-ostersunds-posten","status":"publish","type":"post","link":"https:\/\/www.europesays.com\/se\/103935\/","title":{"rendered":"Milj\u00f6partiet \u00e4r ett hot mot jobben i skogen \u2013 \u00d6stersunds-Posten"},"content":{"rendered":"<p>Hela J\u00e4mtland kan inte leva ifall avverkningarna minskar med 20 procent. <\/p>\n<p>Detta \u00e4r en opinionstext.Tidningens h\u00e5llning \u00e4r centerpartistisk.<\/p>\n<p><img loading=\"lazy\" decoding=\"async\" width=\"980\" height=\"551\" class=\"article-image article-image--featured\" alt=\"Milj\u00f6partiets Amanda Lind vill stoppa var femte avverkning \u2013 hon tror inte det p\u00e5verkar jobben.\" src=\"https:\/\/www.europesays.com\/se\/wp-content\/uploads\/2025\/12\/31ad6059-45d7-47ea-9300-5c181bd035eb.jpg\"  \/><a class=\"article__lightbox-link\" href=\"https:\/\/static.bonniernews.se\/ba\/31ad6059-45d7-47ea-9300-5c181bd035eb.jpg?crop=5386%2C3030%2Cx0%2Cy415&amp;width=1400&amp;format=pjpg&amp;auto=avif\" data-pswp-width=\"1400\" data-pswp-height=\"788\" data-pswp-caption=\"Milj\u00f6partiets Amanda Lind vill stoppa var femte avverkning \u2013 hon tror inte det p\u00e5verkar jobben. Bild: Annika Staf\" data-pswp- rel=\"nofollow noopener\" target=\"_blank\">\u00d6ppna bild i helsk\u00e4rmsl\u00e4ge<\/a><\/p>\n<p class=\"txt-style-muted\" aria-hidden=\"true\">Milj\u00f6partiets Amanda Lind vill stoppa var femte avverkning \u2013 hon tror inte det p\u00e5verkar jobben.<\/p>\n<p class=\"article__figcaption-attribution txt-style-muted\">Bild: Annika Staf<\/p>\n<p>Milj\u00f6partiet vill stoppa var femte avverkning i Sverige \u2013 men partiets spr\u00e5kr\u00f6r Amanda Lind tror inte jobben skulle p\u00e5verkas av det. Det finns en kraftfull aningsl\u00f6shet bakom den attityden till resurser och ekonomiska fl\u00f6den. <\/p>\n<p>\u201dDe f\u00f6rslag vi har lagt fram som faktiskt skulle klara LULUCF-m\u00e5len inneb\u00e4r 15-20 procents mindre avverkning\u201d, s\u00e4ger Milj\u00f6partiets spr\u00e5kr\u00f6r Amanda Lind i en intervju med Sveriges radio.<\/p>\n<p>Men Amanda Lind nekar p\u00e5 fr\u00e5gor fr\u00e5n Sveriges radio om hur detta skulle p\u00e5verka svensk ekonomi. <\/p>\n<p>\u201dSkogsindustrin har sedan 1990 tappat \u00f6ver 60 procent arbetstillf\u00e4llen. Det \u00e4r inte p\u00e5 grund av klimat eller milj\u00f6politiken utan av andra saker. D\u00e4rf\u00f6r ser jag att med v\u00e5r politik finns det potential att \u00f6ka antalet personer som jobbar inom skogen\u201d, s\u00e4ger Amanda Lind (MP).<\/p>\n<p aria-disabled=\"true\" class=\"ad__preamble ad-text txt-style-muted txt-ui txt-ui--strong txt-ui-2\">Annons<\/p>\n<p>Visst har skogsindustrin liksom andra industrin genomg\u00e5tt en automatisering och rationalisering. Men det \u00e4r en effektiviseringsprocess, inte att j\u00e4mst\u00e4lla med om m\u00e4ngden virke radikalt minskar. <\/p>\n<p aria-disabled=\"true\" class=\"ad__preamble ad-text txt-style-muted txt-ui txt-ui--strong txt-ui-2\">Annons<\/p>\n<p>Enligt branschens egna ber\u00e4kningar skulle s\u00e5 mycket som 10 000 jobb vara hotade om avverkningarna minskade med 20 procent. Ber\u00e4kningen omfattar allt fr\u00e5n avverkningsgrupper i skogen, till lastbilstransporter och f\u00f6r\u00e4dlande arbeten p\u00e5 s\u00e5gverk och i industrin. Hela den s\u00e5 kallade v\u00e4rdekedjan skulle ber\u00f6ras. <\/p>\n<p>Fr\u00e5gan \u00e4r ocks\u00e5 vilken konkurrenskraft svensk skogsindustri skulle klara av att uppr\u00e4tth\u00e5lla p\u00e5 sikt med s\u00e5dana villkor. Det globala behovet av tr\u00e4r\u00e5varan finns fortfarande kvar p\u00e5 marknaden. N\u00e4r svenska f\u00f6retag inte kan fylla det behovet kommer andra l\u00e4nder kliva fram och ta st\u00f6rre marknadsandelar. Det p\u00e5verkar \u00e4ven skogsindustrins konkurrenskraft p\u00e5 sikt. <\/p>\n<p>F\u00f6r oss i J\u00e4mtlands l\u00e4n \u00e4r skogens v\u00e4rdekedja oerh\u00f6rt viktig. Vi \u00e4r ett av de l\u00e4n d\u00e4r st\u00f6rst andel av befolkningen antingen arbetar i skogen eller har ett jobb som \u00e4r beroende av skogens v\u00e4rdekedja. Det som st\u00e5r p\u00e5 spel f\u00f6r oss \u00e4r en \u00f6kad urbanisering ifall skogsindustrin inte beh\u00e5ller sin konkurrenskraft. <\/p>\n<p>\u00c4r det inte l\u00e4ngre m\u00f6jligt att arbeta i de glesa delarna av j\u00e4ml\u00e4ndsk landsbygd d\u00e5 kommer fler flytta mot st\u00e4derna f\u00f6r att jobba. Det g\u00e4ller s\u00e4rskilt den generation som i dag v\u00e4xer upp och som kan skr\u00e4mmas bort fr\u00e5n ge gr\u00f6na n\u00e4ringarna ifall man inte ser en framtid d\u00e4r. <\/p>\n<p>Amanda Lind n\u00e4mner LULUCF (Land Use, Land Use Change and Forestry). Det \u00e4r den del av EU:s klimatlagstiftning som ber\u00f6r markanv\u00e4ndning. Det \u00e4r klart att Sverige ska klara de klimatm\u00e5l som unionen s\u00e4tter upp men regelverket som Amanda Lind h\u00e4nvisar till utv\u00e4rderas f\u00f6r tillf\u00e4llet av EU-kommissionen. Inom kort v\u00e4ntas EU-kommissionen presentera sin utv\u00e4rdering om hur bra reglerna fungerar och ifall det finns regler som beh\u00f6ver \u00e4ndras. <\/p>\n<p aria-disabled=\"true\" class=\"ad__preamble ad-text txt-style-muted txt-ui txt-ui--strong txt-ui-2\">Annons<\/p>\n<p>F\u00f6r Sverige blir EU-kommissionens slutsatser viktiga. I dag r\u00e4knas skogsbruk in som den st\u00f6rsta klimatboven inom LULUCF n\u00e4r svenska utsl\u00e4pp ska redovisas. Det beror p\u00e5 att skogens klimatnytta inte r\u00e4knas in och redovisas. Annars hade transporter varit den st\u00f6rsta klimatboven inom LULUCF. <\/p>\n<p>Givet att mycket st\u00e5r p\u00e5 spel om skogen ska r\u00e4knas som en int\u00e4kt eller en kostnad f\u00f6r klimatet b\u00f6r svenska politiker vara mycket f\u00f6rsiktiga att i dagsl\u00e4get s\u00e4tta upp tydliga politiska m\u00e5l f\u00f6r att klara LULUCF. <\/p>\n","protected":false},"excerpt":{"rendered":"Hela J\u00e4mtland kan inte leva ifall avverkningarna minskar med 20 procent. Detta \u00e4r en opinionstext.Tidningens h\u00e5llning \u00e4r centerpartistisk.&hellip;\n","protected":false},"author":2,"featured_media":103936,"comment_status":"","ping_status":"","sticky":false,"template":"","format":"standard","meta":{"footnotes":""},"categories":[12],"tags":[22,23,26,27,17,21,24,25,28,29,15,16,18,34,31,33,32,30,19,20],"class_list":{"0":"post-103935","1":"post","2":"type-post","3":"status-publish","4":"format-standard","5":"has-post-thumbnail","7":"category-sverige","8":"tag-breaking-news","9":"tag-breakingnews","10":"tag-featured-news","11":"tag-featurednews","12":"tag-headlines","13":"tag-huvudnyheter","14":"tag-latest-news","15":"tag-latestnews","16":"tag-main-news","17":"tag-mainnews","18":"tag-news","19":"tag-nyheter","20":"tag-rubriker","21":"tag-se","22":"tag-svenska","23":"tag-sverige","24":"tag-sweden","25":"tag-swedish","26":"tag-top-stories","27":"tag-topstories"},"share_on_mastodon":{"url":"https:\/\/pubeurope.com\/@se\/115707563567320515","error":""},"_links":{"self":[{"href":"https:\/\/www.europesays.com\/se\/wp-json\/wp\/v2\/posts\/103935","targetHints":{"allow":["GET"]}}],"collection":[{"href":"https:\/\/www.europesays.com\/se\/wp-json\/wp\/v2\/posts"}],"about":[{"href":"https:\/\/www.europesays.com\/se\/wp-json\/wp\/v2\/types\/post"}],"author":[{"embeddable":true,"href":"https:\/\/www.europesays.com\/se\/wp-json\/wp\/v2\/users\/2"}],"replies":[{"embeddable":true,"href":"https:\/\/www.europesays.com\/se\/wp-json\/wp\/v2\/comments?post=103935"}],"version-history":[{"count":0,"href":"https:\/\/www.europesays.com\/se\/wp-json\/wp\/v2\/posts\/103935\/revisions"}],"wp:featuredmedia":[{"embeddable":true,"href":"https:\/\/www.europesays.com\/se\/wp-json\/wp\/v2\/media\/103936"}],"wp:attachment":[{"href":"https:\/\/www.europesays.com\/se\/wp-json\/wp\/v2\/media?parent=103935"}],"wp:term":[{"taxonomy":"category","embeddable":true,"href":"https:\/\/www.europesays.com\/se\/wp-json\/wp\/v2\/categories?post=103935"},{"taxonomy":"post_tag","embeddable":true,"href":"https:\/\/www.europesays.com\/se\/wp-json\/wp\/v2\/tags?post=103935"}],"curies":[{"name":"wp","href":"https:\/\/api.w.org\/{rel}","templated":true}]}}