{"id":103937,"date":"2025-12-12T16:34:57","date_gmt":"2025-12-12T16:34:57","guid":{"rendered":"https:\/\/www.europesays.com\/se\/103937\/"},"modified":"2025-12-12T16:34:57","modified_gmt":"2025-12-12T16:34:57","slug":"darfor-laggs-kista-folkhogskola-ner","status":"publish","type":"post","link":"https:\/\/www.europesays.com\/se\/103937\/","title":{"rendered":"D\u00e4rf\u00f6r l\u00e4ggs Kista folkh\u00f6gskola ner"},"content":{"rendered":"<p>                                    <img decoding=\"async\" src=\"https:\/\/www.europesays.com\/se\/wp-content\/uploads\/2025\/12\/kista-nedlaggning-jan-jonsson.jpg\" alt=\"\" loading=\"lazy\"\/><\/p>\n<p class=\"article-headerImageDescription\">Granskningsprocessen av Kista folkh\u00f6gskola har p\u00e5g\u00e5tt i flera \u00e5r. Nu dras bidraget in. Foto: Folkbildningsr\u00e5det, Stock adobe, Kista folkh\u00f6gskolas hemsida.<\/p>\n<p class=\"article-preamble\">\n                        Nyheter<br \/>\n                        Efter flera \u00e5rs \u00e5terkommande kritik och vittnesm\u00e5l om diskriminering, kr\u00e4nkningar och ledningsproblem beslutar Folkbildningsr\u00e5det att dra in statsbidraget till Kista folkh\u00f6gskola.<br \/>\u2013 Det h\u00e4r \u00e4r ett v\u00e4ldigt, v\u00e4ldigt ovanligt beslut, s\u00e4ger Jan Jonsson p\u00e5 Folkbildningsr\u00e5det.\n                    <\/p>\n<p>\n                AH\n            <\/p>\n<p>                        Anna-Karin Hallonsten<\/p>\n<p>                        Ig\u00e5r 10:58<\/p>\n<p style=\"font-weight: 400;\">Kista folkh\u00f6gskola f\u00f6rlorar sitt statsbidrag, med omedelbar verkan. Beslutet tog ig\u00e5r, den 10 december. Orsaken beskrivs bland annat som stora och allvarliga missf\u00f6rh\u00e5llanden, diskriminering, kr\u00e4nkning och brist i hanteringen av statsbidrag.<\/p>\n<p style=\"font-weight: 400;\">Folkbildningsr\u00e5dets uppgift \u00e4r att s\u00e4kerst\u00e4lla att statsbidrag till folkbildningen anv\u00e4nds i enlighet med villkoren. Jan Jonsson, enhetschef p\u00e5 Folkbildningsr\u00e5det, sammanfattar beslutet om det indragna statsbidraget.<\/p>\n<p style=\"font-weight: 400;\">\u2013 Det h\u00e4r \u00e4r ett v\u00e4ldigt, v\u00e4ldigt ovanligt beslut som grundar sig i allvarliga brister i Kista folkh\u00f6gskolas ledning, styrning och kvalitetsarbete. V\u00e5r bed\u00f6mning \u00e4r att de grundl\u00e4ggande villkoren inte \u00e4r uppfyllda f\u00f6r att ta emot statsbidrag, s\u00e4ger han.<\/p>\n<p style=\"font-weight: 400;\">Kista folkh\u00f6gskola har en uttalad muslimsk inriktning, men folkh\u00f6gskolans profil har ingenting med beslutet att g\u00f6ra, betonar Jan Jonsson.<\/p>\n<p style=\"font-weight: 400;\">\u2013 Vi hanterar naturligtvis alla skolor p\u00e5 samma s\u00e4tt. Det \u00e4r utifr\u00e5n statsbidragsvillkoren och f\u00f6rordningen som vi f\u00f6ljer upp skolornas verksamhet.<\/p>\n<p><strong>D\u00e4rf\u00f6r f\u00f6rlorar de bidraget<\/strong><\/p>\n<p style=\"font-weight: 400;\">Utredningen \u00e4r v\u00e4ldigt omfattad och r\u00f6r sig \u00f6ver flera \u00e5r och flera beslut. Flera av bristerna identifierades redan f\u00f6r tv\u00e5 \u00e5r sedan d\u00e5 skolan fick i uppdrag att \u00e5tg\u00e4rda problemen. Samtidigt b\u00f6rjade Folkbildningsr\u00e5det ta emot m\u00e5nga signaler om problem om diskriminerande agerande, b\u00e5de fr\u00e5n personal och deltagare. Bland annat ett vittnesm\u00e5l d\u00e4r en deltagare anm\u00e4lt en l\u00e4rare f\u00f6r sexuella trakasserier. Under januari och februari i \u00e5r fick Folkbildningsr\u00e5det h\u00f6ra att st\u00e4mningen p\u00e5 skolan k\u00e4ndes otrygg och att slagsm\u00e5l inte hanterades. Det kom ocks\u00e5 fram att personer p\u00e5 skolan f\u00f6rs\u00f6kt ta reda p\u00e5 vem som l\u00e5g bakom olika klagom\u00e5l. \u00a0Kritik har \u00e4ven riktats mot en l\u00e4rare som har anv\u00e4nt det s\u00e5 kallade \u201dn-ordet\u201d och uttryckt sig neds\u00e4ttande om hbtqi-personer. Samma l\u00e4rare uppges ha tagit upp islam i undervisningen, talat arabiska under lektionstid och refererat till koranen p\u00e5 ett s\u00e4tt som f\u00f6rringat andra trosinriktningar.<\/p>\n<p><strong>Saknas demokrati<\/strong><\/p>\n<p style=\"font-weight: 400;\">En annan l\u00e4rare uppges ha gynnat deltagare genom att dela ut prelimin\u00e4ra studieomd\u00f6men i f\u00f6rv\u00e4g. L\u00e4rare vittnar dessutom om att skolans interna struktur saknar tydliga demokratiska processer. B\u00e5de ledning och styrelse upplevs sakna f\u00f6rm\u00e5ga att hantera de problem som uppst\u00e5tt, och personal som f\u00f6rs\u00f6kt p\u00e5tala bristerna ska, enligt flera l\u00e4rare, ha f\u00e5tt l\u00e4mna sina tj\u00e4nster.<\/p>\n<p><strong>Otillr\u00e4ckliga \u00e5tg\u00e4rder<\/strong><\/p>\n<p style=\"font-weight: 400;\">Folkbildningsr\u00e5det s\u00f6ker efter l\u00f6sningar och arbetar just nu med att ta fram alternativ som g\u00f6r det m\u00f6jligt f\u00f6r Kista folkh\u00f6gskolas deltagare att forts\u00e4tta sina studier. Omkring 500 deltagare g\u00e5r p\u00e5 skolan, varav m\u00e5nga l\u00e4ser SFI, som kommunen ansvarar f\u00f6r. Men en stor grupp deltagare g\u00e5r p\u00e5 allm\u00e4n eller s\u00e4rskild kurs.<\/p>\n<p style=\"font-weight: 400;\">\u2013 Folkbildningsr\u00e5det har haft kontakt med folkh\u00f6gskolorna i Stockholm inf\u00f6r det h\u00e4r. Vi vill, tillsammans med Kista, hitta en l\u00f6sning f\u00f6r deltagarna. Men det uppdraget ligger framf\u00f6r allt p\u00e5 Kista folkh\u00f6gskola, eftersom det \u00e4r de som har deltagarna och deras uppgifter, s\u00e4ger han och forts\u00e4tter:<\/p>\n<p style=\"font-weight: 400;\">\u2013 S\u00e5 hur och vilket st\u00f6d Kista beh\u00f6ver nu, kortsiktigt och l\u00e5ngsiktigt, har vi inte hunnit landa i \u00e4n. Men vi t\u00e4nker att vi ska g\u00f6ra som vi har gjort tidigare vid liknande tillf\u00e4llen. D\u00e5 har deltagarna f\u00e5tt utbildningsplatser p\u00e5 andra folkh\u00f6gskolor. P\u00e5 s\u00e5 vis kan vi hj\u00e4lpa deltagarna att avsluta sin utbildning.<\/p>\n<p style=\"font-weight: 400;\">Tidningen Folkh\u00f6gskolan har s\u00f6kt rektorn p\u00e5 Kista Folkh\u00f6gskola utan resultat.<\/p>\n","protected":false},"excerpt":{"rendered":"Granskningsprocessen av Kista folkh\u00f6gskola har p\u00e5g\u00e5tt i flera \u00e5r. Nu dras bidraget in. Foto: Folkbildningsr\u00e5det, Stock adobe, Kista&hellip;\n","protected":false},"author":2,"featured_media":103938,"comment_status":"","ping_status":"","sticky":false,"template":"","format":"standard","meta":{"footnotes":""},"categories":[5],"tags":[22,23,26,27,17,21,24,25,28,29,15,16,18,34,31,33,32,30,19,20],"class_list":{"0":"post-103937","1":"post","2":"type-post","3":"status-publish","4":"format-standard","5":"has-post-thumbnail","7":"category-rubriker","8":"tag-breaking-news","9":"tag-breakingnews","10":"tag-featured-news","11":"tag-featurednews","12":"tag-headlines","13":"tag-huvudnyheter","14":"tag-latest-news","15":"tag-latestnews","16":"tag-main-news","17":"tag-mainnews","18":"tag-news","19":"tag-nyheter","20":"tag-rubriker","21":"tag-se","22":"tag-svenska","23":"tag-sverige","24":"tag-sweden","25":"tag-swedish","26":"tag-top-stories","27":"tag-topstories"},"share_on_mastodon":{"url":"https:\/\/pubeurope.com\/@se\/115707571436432991","error":""},"_links":{"self":[{"href":"https:\/\/www.europesays.com\/se\/wp-json\/wp\/v2\/posts\/103937","targetHints":{"allow":["GET"]}}],"collection":[{"href":"https:\/\/www.europesays.com\/se\/wp-json\/wp\/v2\/posts"}],"about":[{"href":"https:\/\/www.europesays.com\/se\/wp-json\/wp\/v2\/types\/post"}],"author":[{"embeddable":true,"href":"https:\/\/www.europesays.com\/se\/wp-json\/wp\/v2\/users\/2"}],"replies":[{"embeddable":true,"href":"https:\/\/www.europesays.com\/se\/wp-json\/wp\/v2\/comments?post=103937"}],"version-history":[{"count":0,"href":"https:\/\/www.europesays.com\/se\/wp-json\/wp\/v2\/posts\/103937\/revisions"}],"wp:featuredmedia":[{"embeddable":true,"href":"https:\/\/www.europesays.com\/se\/wp-json\/wp\/v2\/media\/103938"}],"wp:attachment":[{"href":"https:\/\/www.europesays.com\/se\/wp-json\/wp\/v2\/media?parent=103937"}],"wp:term":[{"taxonomy":"category","embeddable":true,"href":"https:\/\/www.europesays.com\/se\/wp-json\/wp\/v2\/categories?post=103937"},{"taxonomy":"post_tag","embeddable":true,"href":"https:\/\/www.europesays.com\/se\/wp-json\/wp\/v2\/tags?post=103937"}],"curies":[{"name":"wp","href":"https:\/\/api.w.org\/{rel}","templated":true}]}}