{"id":103939,"date":"2025-12-12T16:36:14","date_gmt":"2025-12-12T16:36:14","guid":{"rendered":"https:\/\/www.europesays.com\/se\/103939\/"},"modified":"2025-12-12T16:36:14","modified_gmt":"2025-12-12T16:36:14","slug":"skanegass-smittas-av-fagelinfluensa-undvik-kontakt-kristianstadsbladet","status":"publish","type":"post","link":"https:\/\/www.europesays.com\/se\/103939\/","title":{"rendered":"Sk\u00e5neg\u00e4ss smittas av f\u00e5gelinfluensa: \u201dUndvik kontakt\u201d &#8211; Kristianstadsbladet"},"content":{"rendered":"<ol>\n<li><a href=\"https:\/\/news.google.com\/rss\/articles\/CBMimgFBVV95cUxQcEtaUElmS2pPaE94eEVsSDFGS1ozMGpZaWpvS2pNNlY4MklkamRUQng5YVEzUzk5OHFTSnhiLWJRQUVBU1NqWW5CYTVzZnczNnQwRVpIZndGVF9sb05fajdkUVRrWGxGdzBMN3hWOTRicW9nODRLNjBiN1drS1Vubkt1UDBJYnZ1SjAtcGlQQjRHZWtZNW9FdWxB?oc=5\" target=\"_blank\" rel=\"nofollow noopener\">Sk\u00e5neg\u00e4ss smittas av f\u00e5gelinfluensa: \u201dUndvik kontakt\u201d<\/a>&nbsp;&nbsp;Kristianstadsbladet<\/li>\n<li><a href=\"https:\/\/news.google.com\/rss\/articles\/CBMilAFBVV95cUxPbnFOX09NMjdmNkdBMGkxSzVfODQwdFlzdTZvaUIweXZOUG5lUUFsWjZUeDk5ZmNoNUU5aGFCVUxZM1hwV1VLMDJoQVRvQjBiZVVYb3lleG83TE1oZFNueFJEcHZNX05QY0RUUWNkaDgtNWFQdURBMWppVVA2WHIxRGZkbXhzNmN2VmhRVDZHLWZrLXJi?oc=5\" target=\"_blank\" rel=\"nofollow noopener\">D\u00f6da f\u00e5glar hittade \u2013 misst\u00e4nkt f\u00e5gelinfluensa p\u00e5 \u00d6land<\/a>&nbsp;&nbsp;Sveriges Radio<\/li>\n<li><a href=\"https:\/\/news.google.com\/rss\/articles\/CBMixgFBVV95cUxQaGhLeHdGdFNrNTAtTW94UzlnRUhEX2tfMGVmYTU4cDRpSGJqdGJ3T2FEdkNsUTQ4ZTdoZjVRcjJEUmJpUmNVd2I2TzE3ODl2dmhuOHdEWmRqejh0OW4wYmp2b1VsLWNUdmYtTFd6aTk1WXpLaU1Zd0RDZ1hIbzNxN0d2WURTVTJCZWtDekFMRl9VdG8tQ0o1Z1lVQmp3dUVWVGdHaFFFOXRVYmdBWjF4N2g2cktJZ2d0djRNYzNGRkxuU3VGZkE?oc=5\" target=\"_blank\" rel=\"nofollow noopener\">TV: Varning till hund\u00e4gare: F\u00e5gelinfluensan \u00f6kar i Sk\u00e5ne<\/a>&nbsp;&nbsp;Ystads Allehanda<\/li>\n<li><a href=\"https:\/\/news.google.com\/rss\/articles\/CBMingFBVV95cUxOMlNQR3lDWXR1RUdONDBjZ0JUUjZFUnJsOWNpVG1qN0VXMnVwMVZMZTJmTUpNZGd0MjRISW5JVy14YUNTcGYwUkJVMW01VnU2Z1RweFpzTHkyRl84cEY4QW5zTmZTVm9wcW00dFh2Z0lBVjY3U19GZU9SOFAtVGxqN3ljb3NhbGVxb21RVGhMZXhBeWRUSWFfbUp2TVhBQQ?oc=5\" target=\"_blank\" rel=\"nofollow noopener\">Varnar: Utbrott p\u00e5 \u00f6l\u00e4ndska stranden \u2013 \u201dS\u00e5 k\u00e4nner du igen f\u00e5glarna\u201d<\/a>&nbsp;&nbsp;\u00d6landsbladet<\/li>\n<li><a href=\"https:\/\/news.google.com\/rss\/articles\/CBMifEFVX3lxTE8yMmY0TWNXUXJHMHFKWk9YS3h4Wkl5Y0s1Zk9GYXJocXA2a3A2NVgtNVI1V2xoemxDc0hhc0hnNVdIYkFWWFRKNHVSZ1BXRzFLWjhtMmVrNXhsY0oxU055VWdXcDFGa3kzY3pCb3pxNWk5UXBpbGNZWnNLQXQ?oc=5\" target=\"_blank\" rel=\"nofollow noopener\">Aggressiv f\u00e5gelinfluensa \u00f6kar risken f\u00f6r m\u00e4nniskor<\/a>&nbsp;&nbsp;L\u00e4kemedelsV\u00e4rlden<\/li>\n<\/ol>\n","protected":false},"excerpt":{"rendered":"Sk\u00e5neg\u00e4ss smittas av f\u00e5gelinfluensa: \u201dUndvik kontakt\u201d&nbsp;&nbsp;Kristianstadsbladet D\u00f6da f\u00e5glar hittade \u2013 misst\u00e4nkt f\u00e5gelinfluensa p\u00e5 \u00d6land&nbsp;&nbsp;Sveriges Radio TV: Varning till&hellip;\n","protected":false},"author":2,"featured_media":103940,"comment_status":"","ping_status":"","sticky":false,"template":"","format":"standard","meta":{"footnotes":""},"categories":[69],"tags":[113,112,34,31,33,32,30],"class_list":{"0":"post-103939","1":"post","2":"type-post","3":"status-publish","4":"format-standard","5":"has-post-thumbnail","7":"category-halsa","8":"tag-halsa","9":"tag-health","10":"tag-se","11":"tag-svenska","12":"tag-sverige","13":"tag-sweden","14":"tag-swedish"},"share_on_mastodon":{"url":"https:\/\/pubeurope.com\/@se\/115707575348298382","error":""},"_links":{"self":[{"href":"https:\/\/www.europesays.com\/se\/wp-json\/wp\/v2\/posts\/103939","targetHints":{"allow":["GET"]}}],"collection":[{"href":"https:\/\/www.europesays.com\/se\/wp-json\/wp\/v2\/posts"}],"about":[{"href":"https:\/\/www.europesays.com\/se\/wp-json\/wp\/v2\/types\/post"}],"author":[{"embeddable":true,"href":"https:\/\/www.europesays.com\/se\/wp-json\/wp\/v2\/users\/2"}],"replies":[{"embeddable":true,"href":"https:\/\/www.europesays.com\/se\/wp-json\/wp\/v2\/comments?post=103939"}],"version-history":[{"count":0,"href":"https:\/\/www.europesays.com\/se\/wp-json\/wp\/v2\/posts\/103939\/revisions"}],"wp:featuredmedia":[{"embeddable":true,"href":"https:\/\/www.europesays.com\/se\/wp-json\/wp\/v2\/media\/103940"}],"wp:attachment":[{"href":"https:\/\/www.europesays.com\/se\/wp-json\/wp\/v2\/media?parent=103939"}],"wp:term":[{"taxonomy":"category","embeddable":true,"href":"https:\/\/www.europesays.com\/se\/wp-json\/wp\/v2\/categories?post=103939"},{"taxonomy":"post_tag","embeddable":true,"href":"https:\/\/www.europesays.com\/se\/wp-json\/wp\/v2\/tags?post=103939"}],"curies":[{"name":"wp","href":"https:\/\/api.w.org\/{rel}","templated":true}]}}