{"id":103943,"date":"2025-12-12T16:40:07","date_gmt":"2025-12-12T16:40:07","guid":{"rendered":"https:\/\/www.europesays.com\/se\/103943\/"},"modified":"2025-12-12T16:40:07","modified_gmt":"2025-12-12T16:40:07","slug":"expressen-direkt-senaste-nytt-i-korthet-993","status":"publish","type":"post","link":"https:\/\/www.europesays.com\/se\/103943\/","title":{"rendered":"Expressen Direkt \u2013 senaste nytt i korthet"},"content":{"rendered":"<p>Tyskland anklagar Ryssland f\u00f6r hybridangrepp<\/p>\n<p id=\"isPasted\">Ryssland har riktat cyberangrepp mot flygtrafiken i Tyskland samt f\u00f6rs\u00f6kt p\u00e5verka den tyska valr\u00f6relsen, meddelar en talesperson f\u00f6r det tyska utrikesdepartementet vid en presskonferens, enligt nyhetsbyr\u00e5n DPA.<\/p>\n<p>Rysslands ambassad\u00f6r i landet har kallats till departementet med anledning av det som beskrivs som hybridangrepp.<\/p>\n<p>Angreppet mot flygtrafiken beskrivs som \u201dst\u00f6rre\u201d och regeringen meddelar att det kan sl\u00e5s fast att det var den ryska hackergruppen APT28, som ocks\u00e5 kallas Fancy Bear, som l\u00e5g bakom den.<\/p>\n<p>F\u00f6r det andra kan vi nu definitivt s\u00e4ga att Ryssland, genom kampanjen Storm 1516, f\u00f6rs\u00f6kte p\u00e5verka och destabilisera det senaste federala valet, s\u00e4ger utrikesdepartementets talesperson.<\/p>\n<p>Det senaste valet till den tyska f\u00f6rbundsdagen h\u00f6lls i februari i \u00e5r.<\/p>\n<p>(TT)<\/p>\n","protected":false},"excerpt":{"rendered":"Tyskland anklagar Ryssland f\u00f6r hybridangrepp Ryssland har riktat cyberangrepp mot flygtrafiken i Tyskland samt f\u00f6rs\u00f6kt p\u00e5verka den tyska&hellip;\n","protected":false},"author":2,"featured_media":39,"comment_status":"","ping_status":"","sticky":false,"template":"","format":"standard","meta":{"footnotes":""},"categories":[65],"tags":[72,70,71,35,34,31,33,32,30],"class_list":{"0":"post-103943","1":"post","2":"type-post","3":"status-publish","4":"format-standard","5":"has-post-thumbnail","7":"category-ekonomi","8":"tag-business","9":"tag-economy","10":"tag-ekonomi","11":"tag-function-ta-bort-ai-rost","12":"tag-se","13":"tag-svenska","14":"tag-sverige","15":"tag-sweden","16":"tag-swedish"},"share_on_mastodon":{"url":"https:\/\/pubeurope.com\/@se\/115707590939698671","error":""},"_links":{"self":[{"href":"https:\/\/www.europesays.com\/se\/wp-json\/wp\/v2\/posts\/103943","targetHints":{"allow":["GET"]}}],"collection":[{"href":"https:\/\/www.europesays.com\/se\/wp-json\/wp\/v2\/posts"}],"about":[{"href":"https:\/\/www.europesays.com\/se\/wp-json\/wp\/v2\/types\/post"}],"author":[{"embeddable":true,"href":"https:\/\/www.europesays.com\/se\/wp-json\/wp\/v2\/users\/2"}],"replies":[{"embeddable":true,"href":"https:\/\/www.europesays.com\/se\/wp-json\/wp\/v2\/comments?post=103943"}],"version-history":[{"count":0,"href":"https:\/\/www.europesays.com\/se\/wp-json\/wp\/v2\/posts\/103943\/revisions"}],"wp:featuredmedia":[{"embeddable":true,"href":"https:\/\/www.europesays.com\/se\/wp-json\/wp\/v2\/media\/39"}],"wp:attachment":[{"href":"https:\/\/www.europesays.com\/se\/wp-json\/wp\/v2\/media?parent=103943"}],"wp:term":[{"taxonomy":"category","embeddable":true,"href":"https:\/\/www.europesays.com\/se\/wp-json\/wp\/v2\/categories?post=103943"},{"taxonomy":"post_tag","embeddable":true,"href":"https:\/\/www.europesays.com\/se\/wp-json\/wp\/v2\/tags?post=103943"}],"curies":[{"name":"wp","href":"https:\/\/api.w.org\/{rel}","templated":true}]}}