{"id":103948,"date":"2025-12-12T16:52:07","date_gmt":"2025-12-12T16:52:07","guid":{"rendered":"https:\/\/www.europesays.com\/se\/103948\/"},"modified":"2025-12-12T16:52:07","modified_gmt":"2025-12-12T16:52:07","slug":"fagelinfluensa-sprids-bland-vilda-faglar-i-sodra-sverige","status":"publish","type":"post","link":"https:\/\/www.europesays.com\/se\/103948\/","title":{"rendered":"F\u00e5gelinfluensa sprids bland vilda f\u00e5glar i s\u00f6dra Sverige"},"content":{"rendered":"<p>                    <a data-lightbox=\"post-96915\" href=\"https:\/\/www.jaktojagare.se\/wp-content\/uploads\/2025\/12\/fagelinfluensa.jpg\" data-title=\"Foto: Shutterstock &amp; G\u00f6ran Ekeberg\/AddLight&lt;br\/&gt;De 22 vilda f\u00e5glarna, fr\u00e4mst vitkindade g\u00e4ss, som har konstaterats vara smittade med f\u00e5gelinfluensa \u00e4r en br\u00e5kdel av det antal f\u00e5glar som har drabbats eftersom endast ett mindre urval unders\u00f6ks, enligt statsepizootolog Karl St\u00e5hl p\u00e5 SVA.\" rel=\"nofollow noopener\" target=\"_blank\"><br \/>\n                        <img width=\"1280\" height=\"720\" src=\"https:\/\/www.europesays.com\/se\/wp-content\/uploads\/2025\/12\/fagelinfluensa-1280x720.jpg\" class=\"attachment-large size-large\" alt=\"\" decoding=\"async\" fetchpriority=\"high\"   itemprop=\"image\"\/>                    <\/a><\/p>\n<p>\n                        Foto: Shutterstock &amp; G\u00f6ran Ekeberg\/AddLight<br \/>\n                        De 22 vilda f\u00e5glarna, fr\u00e4mst vitkindade g\u00e4ss, som har konstaterats vara smittade med f\u00e5gelinfluensa \u00e4r en br\u00e5kdel av det antal f\u00e5glar som har drabbats eftersom endast ett mindre urval unders\u00f6ks, enligt statsepizootolog Karl St\u00e5hl p\u00e5 SVA.\n                    <\/p>\n<p>Publicerad 2025-12-12 17:35<\/p>\n<p>Sedan den 1 oktober har f\u00e5gelinfluensa konstaterats hos 22 vilda f\u00e5glar i Sverige. Och den senaste veckan har antalet rapporter om vilda f\u00e5glar med tecken p\u00e5 sjukdomen \u00f6kat kraftigt i s\u00f6dra Sverige.<\/p>\n<p>\t\t\t\t\t\tRapportera fynd                    <\/p>\n<p>Vid fynd av sjuka eller d\u00f6da vilda f\u00e5glar vill SVA g\u00e4rna f\u00e5 in rapporter till <a href=\"http:\/\/rapporteravilt.sva.se\/\" rel=\"nofollow noopener\" target=\"_blank\">Rapportera vilt<\/a>. Om myndigheten sedan vill ha in f\u00e5geln f\u00f6r unders\u00f6kning kontaktas rapport\u00f6ren.<\/p>\n<p>\u00d6kningen g\u00e4ller framf\u00f6r allt g\u00e4ss i Sk\u00e5ne. Men det har ocks\u00e5 kommit in rapporter till Statens veterin\u00e4rmedicinska anstalt, SVA, fr\u00e5n andra l\u00e4n i s\u00f6dra Sverige, det vill s\u00e4ga Halland, Blekinge, Kalmar, \u00d6sterg\u00f6tland och Gotland.<\/p>\n<p>F\u00f6rutom vitkindade g\u00e4ss har \u00e4ven tranor och s\u00e5ngsvanar hittats d\u00f6da.<\/p>\n<p>Statsepizootolog Karl St\u00e5hl p\u00e5 SVA s\u00e4ger till <a href=\"https:\/\/www.sverigesradio.se\/artikel\/doda-faglar-hittade-misstankt-fagelinfluensa-pa-oland\" target=\"_blank\" rel=\"noopener nofollow\">P4 Kalmar<\/a>:<\/p>\n<p>\u2013 I hela Europa \u00e4r det ett v\u00e4ldigt, v\u00e4ldigt kraftigt utbrott den h\u00e4r s\u00e4songen, med fler fall p\u00e5 vilda f\u00e5glar \u00e4n n\u00e5gonsin tidigare.<\/p>\n<p>Undvik kontakt<\/p>\n<p>\u00c4ven om smittan aldrig har spridits till n\u00e5gon m\u00e4nniska i Sverige, s\u00e5 kan det ske.<\/p>\n<p>\u2013 Man ska d\u00e4rf\u00f6r undvika att vara i kontakt med sjuka vilda f\u00e5glar och inte ta dem till en veterin\u00e4rklinik eller viltrehabilitering, s\u00e4ger Karl St\u00e5hl i ett pressmeddelande.<\/p>\n<p>SVA varnar ocks\u00e5 f\u00f6r att hundar och katter kan smittas vid kontakt med sjuka eller d\u00f6da f\u00e5glar.<\/p>\n<p>Kan spridas indirekt<\/p>\n<p>F\u00e5gelinfluensa kan spridas genom direktkontakt mellan f\u00e5glar, men ocks\u00e5 indirekt genom att m\u00e4nniskor f\u00f6r med sig virus fr\u00e5n en plats till en annan p\u00e5 skor, kl\u00e4der eller utrustning.<\/p>\n<p>F\u00f6r att minska risken f\u00f6r smittspridning rekommenderar SVA att j\u00e4gare avst\u00e5r fr\u00e5n f\u00e5geljakt i omr\u00e5den d\u00e4r det \u00e4r p\u00e5g\u00e5ende sjuklighet och d\u00f6dlighet bland vilda f\u00e5glar.<\/p>\n","protected":false},"excerpt":{"rendered":"Foto: Shutterstock &amp; G\u00f6ran Ekeberg\/AddLight De 22 vilda f\u00e5glarna, fr\u00e4mst vitkindade g\u00e4ss, som har konstaterats vara smittade med&hellip;\n","protected":false},"author":2,"featured_media":103949,"comment_status":"","ping_status":"","sticky":false,"template":"","format":"standard","meta":{"footnotes":""},"categories":[69],"tags":[113,112,34,31,33,32,30],"class_list":{"0":"post-103948","1":"post","2":"type-post","3":"status-publish","4":"format-standard","5":"has-post-thumbnail","7":"category-halsa","8":"tag-halsa","9":"tag-health","10":"tag-se","11":"tag-svenska","12":"tag-sverige","13":"tag-sweden","14":"tag-swedish"},"share_on_mastodon":{"url":"https:\/\/pubeurope.com\/@se\/115707638401362937","error":""},"_links":{"self":[{"href":"https:\/\/www.europesays.com\/se\/wp-json\/wp\/v2\/posts\/103948","targetHints":{"allow":["GET"]}}],"collection":[{"href":"https:\/\/www.europesays.com\/se\/wp-json\/wp\/v2\/posts"}],"about":[{"href":"https:\/\/www.europesays.com\/se\/wp-json\/wp\/v2\/types\/post"}],"author":[{"embeddable":true,"href":"https:\/\/www.europesays.com\/se\/wp-json\/wp\/v2\/users\/2"}],"replies":[{"embeddable":true,"href":"https:\/\/www.europesays.com\/se\/wp-json\/wp\/v2\/comments?post=103948"}],"version-history":[{"count":0,"href":"https:\/\/www.europesays.com\/se\/wp-json\/wp\/v2\/posts\/103948\/revisions"}],"wp:featuredmedia":[{"embeddable":true,"href":"https:\/\/www.europesays.com\/se\/wp-json\/wp\/v2\/media\/103949"}],"wp:attachment":[{"href":"https:\/\/www.europesays.com\/se\/wp-json\/wp\/v2\/media?parent=103948"}],"wp:term":[{"taxonomy":"category","embeddable":true,"href":"https:\/\/www.europesays.com\/se\/wp-json\/wp\/v2\/categories?post=103948"},{"taxonomy":"post_tag","embeddable":true,"href":"https:\/\/www.europesays.com\/se\/wp-json\/wp\/v2\/tags?post=103948"}],"curies":[{"name":"wp","href":"https:\/\/api.w.org\/{rel}","templated":true}]}}