{"id":103956,"date":"2025-12-12T16:59:08","date_gmt":"2025-12-12T16:59:08","guid":{"rendered":"https:\/\/www.europesays.com\/se\/103956\/"},"modified":"2025-12-12T16:59:08","modified_gmt":"2025-12-12T16:59:08","slug":"langdskidor-maja-dahlqvists-ryck-bakom-vinsten-i-sprintstafetten-i-davos","status":"publish","type":"post","link":"https:\/\/www.europesays.com\/se\/103956\/","title":{"rendered":"L\u00e4ngdskidor: Maja Dahlqvists ryck bakom vinsten i sprintstafetten i Davos"},"content":{"rendered":"<p>Se Dahlqvists ryck och Sundlings m\u00e5lg\u00e5ng i spelaren ovan.<\/p>\n<p>P\u00e5 den n\u00e4st sista str\u00e4ckan ryckte Maja Dahlqvist i den sista backen och gav Sundling en ledning med 2,7 sekunder ut p\u00e5 den sista str\u00e4ckan. Sundling tryckte gasen i botten direkt och gav aldrig konkurrenterna en chans och tv\u00e5an Norge 2 var \u00f6ver tre sekunder efter i m\u00e5l.<\/p>\n<p>\u2013 N\u00e4r jag s\u00e5g luckan t\u00e4nkte jag att jag skulle gasa p\u00e5 och att det inte var n\u00e5got att spara p\u00e5. Jag t\u00e4nkte som p\u00e5 en prolog, s\u00e4ger Sundling som var n\u00f6jd med att den uppgjorda planen h\u00f6ll s\u00e5 bra i den kommande OS-grenen. <\/p>\n<p>H\u00f6r svenska stj\u00e4rnorna om sprintstafetten i spelaren nedan.<\/p>\n<p>Sverige lag 2 tappade pallplatsen<\/p>\n<p>Sverige lag 2 med Emma Ribom och Linn Svahn var p\u00e5 pallen inf\u00f6r den sista str\u00e4ckan men avslutande Svahn orkade inte utan laget slutade femma. Norge lag 1 tog den sista pallplatsen som trea i den t\u00e4ta stafetten.<\/p>\n<p>\u2013 Det var surt, vi ville ju vara med och k\u00e4mpa om det hela v\u00e4gen. Det var tufft att t\u00e4vla p\u00e5 den h\u00f6ga h\u00f6jden, s\u00e4ger Ribom, som tror att \u00e5karna med b\u00e4st form f\u00e5r chansen i OS.<\/p>\n<p>Det var de svenska lagen som styrde t\u00e4vlingen med att ligga i t\u00e4ten, d\u00e4r det var sv\u00e5rt att f\u00e5 till luckor och st\u00f6rre delen av f\u00e4ltet var samlat. \u00c4nda tills Dahlqvist gjorde sitt ryck. <\/p>\n","protected":false},"excerpt":{"rendered":"Se Dahlqvists ryck och Sundlings m\u00e5lg\u00e5ng i spelaren ovan. P\u00e5 den n\u00e4st sista str\u00e4ckan ryckte Maja Dahlqvist i&hellip;\n","protected":false},"author":2,"featured_media":103957,"comment_status":"","ping_status":"","sticky":false,"template":"","format":"standard","meta":{"footnotes":""},"categories":[5],"tags":[22,23,26,27,17,21,24,25,28,29,15,16,18,34,31,33,32,30,19,20],"class_list":{"0":"post-103956","1":"post","2":"type-post","3":"status-publish","4":"format-standard","5":"has-post-thumbnail","7":"category-rubriker","8":"tag-breaking-news","9":"tag-breakingnews","10":"tag-featured-news","11":"tag-featurednews","12":"tag-headlines","13":"tag-huvudnyheter","14":"tag-latest-news","15":"tag-latestnews","16":"tag-main-news","17":"tag-mainnews","18":"tag-news","19":"tag-nyheter","20":"tag-rubriker","21":"tag-se","22":"tag-svenska","23":"tag-sverige","24":"tag-sweden","25":"tag-swedish","26":"tag-top-stories","27":"tag-topstories"},"share_on_mastodon":{"url":"https:\/\/pubeurope.com\/@se\/115707665674801110","error":""},"_links":{"self":[{"href":"https:\/\/www.europesays.com\/se\/wp-json\/wp\/v2\/posts\/103956","targetHints":{"allow":["GET"]}}],"collection":[{"href":"https:\/\/www.europesays.com\/se\/wp-json\/wp\/v2\/posts"}],"about":[{"href":"https:\/\/www.europesays.com\/se\/wp-json\/wp\/v2\/types\/post"}],"author":[{"embeddable":true,"href":"https:\/\/www.europesays.com\/se\/wp-json\/wp\/v2\/users\/2"}],"replies":[{"embeddable":true,"href":"https:\/\/www.europesays.com\/se\/wp-json\/wp\/v2\/comments?post=103956"}],"version-history":[{"count":0,"href":"https:\/\/www.europesays.com\/se\/wp-json\/wp\/v2\/posts\/103956\/revisions"}],"wp:featuredmedia":[{"embeddable":true,"href":"https:\/\/www.europesays.com\/se\/wp-json\/wp\/v2\/media\/103957"}],"wp:attachment":[{"href":"https:\/\/www.europesays.com\/se\/wp-json\/wp\/v2\/media?parent=103956"}],"wp:term":[{"taxonomy":"category","embeddable":true,"href":"https:\/\/www.europesays.com\/se\/wp-json\/wp\/v2\/categories?post=103956"},{"taxonomy":"post_tag","embeddable":true,"href":"https:\/\/www.europesays.com\/se\/wp-json\/wp\/v2\/tags?post=103956"}],"curies":[{"name":"wp","href":"https:\/\/api.w.org\/{rel}","templated":true}]}}