{"id":103960,"date":"2025-12-12T17:07:08","date_gmt":"2025-12-12T17:07:08","guid":{"rendered":"https:\/\/www.europesays.com\/se\/103960\/"},"modified":"2025-12-12T17:07:08","modified_gmt":"2025-12-12T17:07:08","slug":"anger-och-haggstrom-knep-tredjeplatsen-i-lagsprinten","status":"publish","type":"post","link":"https:\/\/www.europesays.com\/se\/103960\/","title":{"rendered":"Anger och H\u00e4ggstr\u00f6m knep tredjeplatsen i lagsprinten"},"content":{"rendered":"<p>Johan H\u00e4ggstr\u00f6m och Edvin Anger stod f\u00f6r en imponerande insats i herrarnas lagsprint i Davos och knep tredjeplatsen. Johannes H\u00f8sflot Kl\u00e6bo och Erik Valnes vann stort och Italien blev tv\u00e5a. <\/p>\n<p>H\u00e4ggstr\u00f6m och Anger l\u00f6ste en pallplats trots att den sistn\u00e4mnde f\u00f6ll p\u00e5 sin f\u00f6rsta str\u00e4cka. <\/p>\n<p>Det blev en tr\u00e5kig avslutning f\u00f6r det andra svenska laget, Emil Danielsson och Anton Grahn. Grahn var inblandad i en vurpa mot slutet och laget k\u00f6rde i m\u00e5l sist av alla. <\/p>\n<p>Omni \u00e4r politiskt obundna och oberoende. Vi str\u00e4var efter att ge fler perspektiv p\u00e5 nyheterna. Har du fr\u00e5gor eller synpunkter kring v\u00e5r rapportering? <a href=\"https:\/\/omni.se\/anger-och-haggstrom-knep-tredjeplatsen-i-lagsprinten\/a\/mailto:redaktion@omni.se\" class=\"ArticleActions_contactLink__W2F1M\" rel=\"nofollow noopener\" target=\"_blank\">Kontakta redaktionen<\/a><\/p>\n","protected":false},"excerpt":{"rendered":"Johan H\u00e4ggstr\u00f6m och Edvin Anger stod f\u00f6r en imponerande insats i herrarnas lagsprint i Davos och knep tredjeplatsen.&hellip;\n","protected":false},"author":2,"featured_media":103961,"comment_status":"","ping_status":"","sticky":false,"template":"","format":"standard","meta":{"footnotes":""},"categories":[5],"tags":[22,23,9495,26,27,17,21,11706,6703,3237,24,25,28,29,15,16,18,34,31,33,32,30,19,20],"class_list":{"0":"post-103960","1":"post","2":"type-post","3":"status-publish","4":"format-standard","5":"has-post-thumbnail","7":"category-rubriker","8":"tag-breaking-news","9":"tag-breakingnews","10":"tag-edvin-anger","11":"tag-featured-news","12":"tag-featurednews","13":"tag-headlines","14":"tag-huvudnyheter","15":"tag-johan-haggstrom","16":"tag-johannes-hosflot-klaebo","17":"tag-langdskidor","18":"tag-latest-news","19":"tag-latestnews","20":"tag-main-news","21":"tag-mainnews","22":"tag-news","23":"tag-nyheter","24":"tag-rubriker","25":"tag-se","26":"tag-svenska","27":"tag-sverige","28":"tag-sweden","29":"tag-swedish","30":"tag-top-stories","31":"tag-topstories"},"share_on_mastodon":{"url":"https:\/\/pubeurope.com\/@se\/115707697104662273","error":""},"_links":{"self":[{"href":"https:\/\/www.europesays.com\/se\/wp-json\/wp\/v2\/posts\/103960","targetHints":{"allow":["GET"]}}],"collection":[{"href":"https:\/\/www.europesays.com\/se\/wp-json\/wp\/v2\/posts"}],"about":[{"href":"https:\/\/www.europesays.com\/se\/wp-json\/wp\/v2\/types\/post"}],"author":[{"embeddable":true,"href":"https:\/\/www.europesays.com\/se\/wp-json\/wp\/v2\/users\/2"}],"replies":[{"embeddable":true,"href":"https:\/\/www.europesays.com\/se\/wp-json\/wp\/v2\/comments?post=103960"}],"version-history":[{"count":0,"href":"https:\/\/www.europesays.com\/se\/wp-json\/wp\/v2\/posts\/103960\/revisions"}],"wp:featuredmedia":[{"embeddable":true,"href":"https:\/\/www.europesays.com\/se\/wp-json\/wp\/v2\/media\/103961"}],"wp:attachment":[{"href":"https:\/\/www.europesays.com\/se\/wp-json\/wp\/v2\/media?parent=103960"}],"wp:term":[{"taxonomy":"category","embeddable":true,"href":"https:\/\/www.europesays.com\/se\/wp-json\/wp\/v2\/categories?post=103960"},{"taxonomy":"post_tag","embeddable":true,"href":"https:\/\/www.europesays.com\/se\/wp-json\/wp\/v2\/tags?post=103960"}],"curies":[{"name":"wp","href":"https:\/\/api.w.org\/{rel}","templated":true}]}}