{"id":103964,"date":"2025-12-12T17:13:08","date_gmt":"2025-12-12T17:13:08","guid":{"rendered":"https:\/\/www.europesays.com\/se\/103964\/"},"modified":"2025-12-12T17:13:08","modified_gmt":"2025-12-12T17:13:08","slug":"stopp-i-tagtrafiken-mellan-stockholm-och-arlanda","status":"publish","type":"post","link":"https:\/\/www.europesays.com\/se\/103964\/","title":{"rendered":"Stopp i t\u00e5gtrafiken mellan Stockholm och Arlanda"},"content":{"rendered":"<p>Fredagens t\u00e5gstopp b\u00f6rjade klockan 16.25 och beror p\u00e5 ett elfel. Det handlar om en nedriven kontaktledning p\u00e5 str\u00e4ckan, skriver SL p\u00e5 sin hemsida.<\/p>\n<p>Under kv\u00e4llen \u00f6ppnades ett sp\u00e5r mellan Stockholm och Arlanda. T\u00e5g kan g\u00e5 p\u00e5 str\u00e4ckan, men med f\u00f6rseningar som f\u00f6ljd. Resen\u00e4rer uppmanas f\u00f6lja trafikl\u00e4get genom aktuell t\u00e5goperat\u00f6r.<\/p>\n<p>\u2013 Det blir inst\u00e4llda avg\u00e5ngar, det \u00e4r f\u00f6rseningar p\u00e5 pendelt\u00e5gen. Det kommer sannolikt vara s\u00e5 h\u00e4r n\u00e5gra timmar fram\u00f6ver, s\u00e4ger Karolina Wichman p\u00e5 SL:s pressjour vid 18-tiden.<\/p>\n<p>Arlanda express p\u00e5verkas<\/p>\n<p>En reparat\u00f6r \u00e4r p\u00e5 plats, men det finns ingen prognos f\u00f6r n\u00e4r trafiken kan g\u00e5 som vanligt. T\u00e5gtrafiken till Uppsala via M\u00e4rsta har inte drabbats.<\/p>\n<p>\u2013 Det \u00e4r de t\u00e5g som \u00e5ker \u00f6ver Arlanda som varit p\u00e5verkade, s\u00e4ger Anders Edgren p\u00e5 SJ:s pressjour.<\/p>\n<p>\u00c4ven Arlanda express p\u00e5verkades. \u201dInga t\u00e5g g\u00e5r just nu. Vi h\u00e4nvisar till andra f\u00e4rdmedel\u201d, skrev t\u00e5goperat\u00f6ren p\u00e5 sin hemsida tidigare under kv\u00e4llen. Senare s\u00e5g trafiken ut att vara ig\u00e5ng igen, enligt deras trafikinformation.<\/p>\n<p>Texten uppdateras.<\/p>\n","protected":false},"excerpt":{"rendered":"Fredagens t\u00e5gstopp b\u00f6rjade klockan 16.25 och beror p\u00e5 ett elfel. Det handlar om en nedriven kontaktledning p\u00e5 str\u00e4ckan,&hellip;\n","protected":false},"author":2,"featured_media":793,"comment_status":"","ping_status":"","sticky":false,"template":"","format":"standard","meta":{"footnotes":""},"categories":[14],"tags":[22,23,26,27,17,21,24,25,28,29,15,16,18,34,31,33,32,30,19,20,51,52,53,54],"class_list":{"0":"post-103964","1":"post","2":"type-post","3":"status-publish","4":"format-standard","5":"has-post-thumbnail","7":"category-varlden","8":"tag-breaking-news","9":"tag-breakingnews","10":"tag-featured-news","11":"tag-featurednews","12":"tag-headlines","13":"tag-huvudnyheter","14":"tag-latest-news","15":"tag-latestnews","16":"tag-main-news","17":"tag-mainnews","18":"tag-news","19":"tag-nyheter","20":"tag-rubriker","21":"tag-se","22":"tag-svenska","23":"tag-sverige","24":"tag-sweden","25":"tag-swedish","26":"tag-top-stories","27":"tag-topstories","28":"tag-varlden","29":"tag-world","30":"tag-world-news","31":"tag-worldnews"},"share_on_mastodon":{"url":"https:\/\/pubeurope.com\/@se\/115707720781436541","error":""},"_links":{"self":[{"href":"https:\/\/www.europesays.com\/se\/wp-json\/wp\/v2\/posts\/103964","targetHints":{"allow":["GET"]}}],"collection":[{"href":"https:\/\/www.europesays.com\/se\/wp-json\/wp\/v2\/posts"}],"about":[{"href":"https:\/\/www.europesays.com\/se\/wp-json\/wp\/v2\/types\/post"}],"author":[{"embeddable":true,"href":"https:\/\/www.europesays.com\/se\/wp-json\/wp\/v2\/users\/2"}],"replies":[{"embeddable":true,"href":"https:\/\/www.europesays.com\/se\/wp-json\/wp\/v2\/comments?post=103964"}],"version-history":[{"count":0,"href":"https:\/\/www.europesays.com\/se\/wp-json\/wp\/v2\/posts\/103964\/revisions"}],"wp:featuredmedia":[{"embeddable":true,"href":"https:\/\/www.europesays.com\/se\/wp-json\/wp\/v2\/media\/793"}],"wp:attachment":[{"href":"https:\/\/www.europesays.com\/se\/wp-json\/wp\/v2\/media?parent=103964"}],"wp:term":[{"taxonomy":"category","embeddable":true,"href":"https:\/\/www.europesays.com\/se\/wp-json\/wp\/v2\/categories?post=103964"},{"taxonomy":"post_tag","embeddable":true,"href":"https:\/\/www.europesays.com\/se\/wp-json\/wp\/v2\/tags?post=103964"}],"curies":[{"name":"wp","href":"https:\/\/api.w.org\/{rel}","templated":true}]}}