{"id":103965,"date":"2025-12-12T17:15:25","date_gmt":"2025-12-12T17:15:25","guid":{"rendered":"https:\/\/www.europesays.com\/se\/103965\/"},"modified":"2025-12-12T17:15:25","modified_gmt":"2025-12-12T17:15:25","slug":"avverkning-forvarrade-skyfallsskador-farligt","status":"publish","type":"post","link":"https:\/\/www.europesays.com\/se\/103965\/","title":{"rendered":"Avverkning f\u00f6rv\u00e4rrade skyfallsskador: \u201dFarligt\u201d"},"content":{"rendered":"<p>share-arrowDela<\/p>\n<p>unsaveSpara<\/p>\n<p>expand-left<\/p>\n<p>helsk\u00e4rm<img decoding=\"async\" class=\"image-asset hyperion-css-u06ts1\" data-test-tag=\"image-asset\" src=\"https:\/\/www.europesays.com\/se\/wp-content\/uploads\/2025\/12\/9d610279-a56f-421c-98a4-7af143a1554a\"  alt=\"Vid Stugusj\u00f6n i Skorped v\u00e4ster om \u00d6rnsk\u00f6ldsvik sp\u00e5rade t\u00e5g ut i samband med skyfallen i september.\"  loading=\"eager\" fetchpriority=\"high\" style=\"aspect-ratio:1900 \/ 1267\"\/>Vid Stugusj\u00f6n i Skorped v\u00e4ster om \u00d6rnsk\u00f6ldsvik sp\u00e5rade t\u00e5g ut i samband med skyfallen i september. Foto: Mats Andersson\/TT<\/p>\n<p class=\"hyperion-css-1shl3oz\" data-test-tag=\"lead-text\">Skadorna efter de omfattande skyfallen i V\u00e4sternorrland i september f\u00f6rv\u00e4rrades av avverkning och anl\u00e4ggning av skogsv\u00e4gar, sl\u00e5r Skogsstyrelsen fast.<\/p>\n<p class=\"hyperion-css-1v9qo5x\">Kraftiga skyfall och \u00f6versv\u00e4mningar den 7 och 8 september i \u00e5r ledde till katastrofala konsekvenser i V\u00e4sternorrland. \u00d6ver 40 v\u00e4gar f\u00f6rst\u00f6rdes, t\u00e5g sp\u00e5rade ur och en man omkom d\u00e4r en bilv\u00e4g hade spolats bort.<\/p>\n<p class=\"hyperion-css-1v9qo5x\">Nu publicerar <a data-test-tag=\"internal-link\" href=\"https:\/\/www.aftonbladet.se\/tagg\/skogsstyrelsen\" class=\"hyperion-css-15jkft9\" rel=\"nofollow noopener\" target=\"\" aria-label=\"Skogsstyrelsen\">Skogsstyrelsen<\/a> en utv\u00e4rdering, som DN rapporterar om, d\u00e4r de konstaterar att skogsbruks\u00e5tg\u00e4rder p\u00e5verkade skadebilden. Enligt Skogsstyrelsen \u00e4r det vetenskapligt belagt att avverkningar, byggande av skogsbilv\u00e4gar och markberedning inverkar p\u00e5 risken f\u00f6r erosion, ras och slamstr\u00f6mmar.<\/p>\n<p class=\"hyperion-css-1v9qo5x\">Myndigheten varnar ocks\u00e5 f\u00f6r att samma misstag kan upprepas.<\/p>\n<p class=\"hyperion-css-1v9qo5x\">\u2013 Man bygger in exakt samma risker igen och har i vissa fall f\u00f6rv\u00e4rrat dem. Det \u00e4r v\u00e4ldigt kortsiktigt och \u00e4rligt talat farligt, s\u00e4ger Anja Lomander, markspecialist p\u00e5 Skogsstyrelsen till DN.<\/p>\n","protected":false},"excerpt":{"rendered":"share-arrowDela unsaveSpara expand-left helsk\u00e4rmVid Stugusj\u00f6n i Skorped v\u00e4ster om \u00d6rnsk\u00f6ldsvik sp\u00e5rade t\u00e5g ut i samband med skyfallen i&hellip;\n","protected":false},"author":2,"featured_media":103966,"comment_status":"","ping_status":"","sticky":false,"template":"","format":"standard","meta":{"footnotes":""},"categories":[5],"tags":[22,23,26,27,17,21,24,25,28,29,15,16,18,34,31,33,32,30,19,20],"class_list":{"0":"post-103965","1":"post","2":"type-post","3":"status-publish","4":"format-standard","5":"has-post-thumbnail","7":"category-rubriker","8":"tag-breaking-news","9":"tag-breakingnews","10":"tag-featured-news","11":"tag-featurednews","12":"tag-headlines","13":"tag-huvudnyheter","14":"tag-latest-news","15":"tag-latestnews","16":"tag-main-news","17":"tag-mainnews","18":"tag-news","19":"tag-nyheter","20":"tag-rubriker","21":"tag-se","22":"tag-svenska","23":"tag-sverige","24":"tag-sweden","25":"tag-swedish","26":"tag-top-stories","27":"tag-topstories"},"share_on_mastodon":{"url":"https:\/\/pubeurope.com\/@se\/115707728730638031","error":""},"_links":{"self":[{"href":"https:\/\/www.europesays.com\/se\/wp-json\/wp\/v2\/posts\/103965","targetHints":{"allow":["GET"]}}],"collection":[{"href":"https:\/\/www.europesays.com\/se\/wp-json\/wp\/v2\/posts"}],"about":[{"href":"https:\/\/www.europesays.com\/se\/wp-json\/wp\/v2\/types\/post"}],"author":[{"embeddable":true,"href":"https:\/\/www.europesays.com\/se\/wp-json\/wp\/v2\/users\/2"}],"replies":[{"embeddable":true,"href":"https:\/\/www.europesays.com\/se\/wp-json\/wp\/v2\/comments?post=103965"}],"version-history":[{"count":0,"href":"https:\/\/www.europesays.com\/se\/wp-json\/wp\/v2\/posts\/103965\/revisions"}],"wp:featuredmedia":[{"embeddable":true,"href":"https:\/\/www.europesays.com\/se\/wp-json\/wp\/v2\/media\/103966"}],"wp:attachment":[{"href":"https:\/\/www.europesays.com\/se\/wp-json\/wp\/v2\/media?parent=103965"}],"wp:term":[{"taxonomy":"category","embeddable":true,"href":"https:\/\/www.europesays.com\/se\/wp-json\/wp\/v2\/categories?post=103965"},{"taxonomy":"post_tag","embeddable":true,"href":"https:\/\/www.europesays.com\/se\/wp-json\/wp\/v2\/tags?post=103965"}],"curies":[{"name":"wp","href":"https:\/\/api.w.org\/{rel}","templated":true}]}}