{"id":103967,"date":"2025-12-12T17:17:08","date_gmt":"2025-12-12T17:17:08","guid":{"rendered":"https:\/\/www.europesays.com\/se\/103967\/"},"modified":"2025-12-12T17:17:08","modified_gmt":"2025-12-12T17:17:08","slug":"uppgifter-edmonton-gor-sig-av-med-stuart-skinner","status":"publish","type":"post","link":"https:\/\/www.europesays.com\/se\/103967\/","title":{"rendered":"Uppgifter: Edmonton g\u00f6r sig av med Stuart Skinner"},"content":{"rendered":"<p><strong>M\u00e5lvaktsfr\u00e5gan har l\u00e4nge varit av stort intresse i <a href=\"https:\/\/hockeysverige.se\/klubb\/edmonton-oilers\/\" rel=\"nofollow noopener\" target=\"_blank\">Edmonton Oilers<\/a>. Nu ser det ut som att klubben har hittat en l\u00f6sning p\u00e5 m\u00e5lvaktssidan \u2013 under eftermiddagen stod det klart att Stuart Skinner trejdas till <a href=\"https:\/\/hockeysverige.se\/klubb\/pittsburgh-penguins\/\" rel=\"nofollow noopener\" target=\"_blank\">Pittsburgh Penguins<\/a> i utbyte mot burv\u00e4ktaren Tristan Jarry.<\/strong><\/p>\n<p><img loading=\"lazy\" decoding=\"async\" width=\"1024\" height=\"658\" src=\"https:\/\/www.europesays.com\/se\/wp-content\/uploads\/2025\/12\/Stuart-Skinner-1024x658.webp.webp\" alt=\"\" class=\"wp-image-335940\"  \/>Stuart Skinner.<br \/>\nFoto: Kevin Ng\/Bildbyr\u00e5n.<\/p>\n<p>Det har inte g\u00e5tt helt som planerat f\u00f6r toppsatsande Edmonton Oilers under den f\u00f6rsta tredjedelen av <a href=\"https:\/\/hockeysverige.se\/nhl\/\" rel=\"nofollow noopener\" target=\"_blank\">NHL<\/a>-s\u00e4songen 25\/26. En spelare som har varit s\u00e4rskilt ifr\u00e5gasatt \u00e4r den 27-\u00e5rige burv\u00e4ktaren Stuart Skinner. Han har 89,1 i r\u00e4ddningsprocent p\u00e5 23 matcher den h\u00e4r s\u00e4songen och snittar 2,83 insl\u00e4ppta m\u00e5l per match.<\/p>\n<p>Nu kan Edmonton hittat en l\u00f6sning p\u00e5 m\u00e5lvaktsfr\u00e5gan genom en trejd med Pittsburgh Penguins. Under eftermiddagen stod det klart att Skinner trejdas till Pittsburgh i utbyte mot den 30-\u00e5rige m\u00e5lvakten Tristan Jarry. <\/p>\n<p>Pittsburgh f\u00e5r \u00e4ven f\u00f6rsvararen Brett Kulak och ett av Edmontons draftval i andrarundan av draften 2029. Edmonton f\u00e5r dessutom forwarden Samuel Poulin. NHL-insidern Frank Seravelli var f\u00f6rst med att rapportera om trejden p\u00e5 X under eftermiddagen.<\/p>\n<p>Tristan Jarry har 90,9 i r\u00e4ddningsprocent p\u00e5 14 matcher den h\u00e4r s\u00e4songen, och sl\u00e4pper in 2,66 m\u00e5l per match i snitt. Under fjol\u00e5rss\u00e4songen \u00e5kte dock den kanadensiska m\u00e5lvakten p\u00e5 en svacka och spelade under en tid med farmarlaget i <a href=\"https:\/\/hockeysverige.se\/AHL\/\" rel=\"nofollow noopener\" target=\"_blank\">AHL<\/a>.<\/p>\n<p> Source: <a href=\"https:\/\/www.eliteprospects.com\/player\/166664\/stuart-skinner\" target=\"_blank\" rel=\"noopener noreferrer nofollow\">Stuart Skinner<\/a> @ Elite Prospects<\/p>\n","protected":false},"excerpt":{"rendered":"M\u00e5lvaktsfr\u00e5gan har l\u00e4nge varit av stort intresse i Edmonton Oilers. Nu ser det ut som att klubben har&hellip;\n","protected":false},"author":2,"featured_media":103968,"comment_status":"","ping_status":"","sticky":false,"template":"","format":"standard","meta":{"footnotes":""},"categories":[68],"tags":[247,34,133,111,110,31,33,32,30],"class_list":{"0":"post-103967","1":"post","2":"type-post","3":"status-publish","4":"format-standard","5":"has-post-thumbnail","7":"category-sport","8":"tag-nhl","9":"tag-se","10":"tag-second-news","11":"tag-sport","12":"tag-sports","13":"tag-svenska","14":"tag-sverige","15":"tag-sweden","16":"tag-swedish"},"share_on_mastodon":{"url":"https:\/\/pubeurope.com\/@se\/115707736791435842","error":""},"_links":{"self":[{"href":"https:\/\/www.europesays.com\/se\/wp-json\/wp\/v2\/posts\/103967","targetHints":{"allow":["GET"]}}],"collection":[{"href":"https:\/\/www.europesays.com\/se\/wp-json\/wp\/v2\/posts"}],"about":[{"href":"https:\/\/www.europesays.com\/se\/wp-json\/wp\/v2\/types\/post"}],"author":[{"embeddable":true,"href":"https:\/\/www.europesays.com\/se\/wp-json\/wp\/v2\/users\/2"}],"replies":[{"embeddable":true,"href":"https:\/\/www.europesays.com\/se\/wp-json\/wp\/v2\/comments?post=103967"}],"version-history":[{"count":0,"href":"https:\/\/www.europesays.com\/se\/wp-json\/wp\/v2\/posts\/103967\/revisions"}],"wp:featuredmedia":[{"embeddable":true,"href":"https:\/\/www.europesays.com\/se\/wp-json\/wp\/v2\/media\/103968"}],"wp:attachment":[{"href":"https:\/\/www.europesays.com\/se\/wp-json\/wp\/v2\/media?parent=103967"}],"wp:term":[{"taxonomy":"category","embeddable":true,"href":"https:\/\/www.europesays.com\/se\/wp-json\/wp\/v2\/categories?post=103967"},{"taxonomy":"post_tag","embeddable":true,"href":"https:\/\/www.europesays.com\/se\/wp-json\/wp\/v2\/tags?post=103967"}],"curies":[{"name":"wp","href":"https:\/\/api.w.org\/{rel}","templated":true}]}}