{"id":103973,"date":"2025-12-12T17:22:16","date_gmt":"2025-12-12T17:22:16","guid":{"rendered":"https:\/\/www.europesays.com\/se\/103973\/"},"modified":"2025-12-12T17:22:16","modified_gmt":"2025-12-12T17:22:16","slug":"c-vill-halvera-priset-pa-gotlandsfarjan","status":"publish","type":"post","link":"https:\/\/www.europesays.com\/se\/103973\/","title":{"rendered":"C vill halvera priset p\u00e5 Gotlandsf\u00e4rjan"},"content":{"rendered":"<p>Publicerad 12 dec 2025 kl 17.17<\/p>\n<p>En biljett p\u00e5 Gotlandsf\u00e4rjan kan bli h\u00e4lften s\u00e5 dyr om ett nytt C-f\u00f6rslag g\u00e5r igenom.<\/p>\n<p>Det skulle dock bara g\u00e4lla f\u00f6r en grupp.<\/p>\n<p>\u2013 Det \u00e4r en helt oh\u00e5llbar situation, s\u00e4ger Ulrika Heie (C) som st\u00e5r bakom f\u00f6rslaget.\u00a0<\/p>\n<p>Senaste nyhetsklippen fr\u00e5n Expressen.<img   alt=\"\"\/><\/p>\n<p>Gotlandsf\u00e4rjan.<\/p>\n<p>Foto: SVEN LINDWALL<\/p>\n<p>\u00d6ppna bild i helsk\u00e4rm<img loading=\"lazy\"   alt=\"\"\/><\/p>\n<p>Ulrika Heie \u00e4r Centerpartiets infrastrukturpolitiske talesperson.<\/p>\n<p>Foto: RIKSDAGEN<\/p>\n<p>\u00d6ppna bild i helsk\u00e4rm<\/p>\n<p>F\u00f6r att ta sig till och fr\u00e5n <a href=\"https:\/\/www.expressen.se\/tagg\/location\/gotland\/\" class=\"\" rel=\"nofollow noopener\" target=\"_blank\">Gotland<\/a> \u00e4r f\u00e4rjan ett popul\u00e4rt alternativ.<\/p>\n<p>Men det kan bli rej\u00e4lt dyrt. Sedan 2017 har det blivit 51 procent dyrare f\u00f6r gotl\u00e4nningar att ta f\u00e4rjan till och fr\u00e5n fastlandet, enligt statistik fr\u00e5n Region Gotland.\u00a0<\/p>\n<p>Det vill Centerpartiet \u00e4ndra p\u00e5. Ulrika Heie, ordf\u00f6rande i riksdagens trafikutskott, st\u00e5r bakom ett f\u00f6rslag som skulle g\u00f6ra biljetterna f\u00f6r gotl\u00e4nningar minst h\u00e4lften s\u00e5 dyra.<\/p>\n<p>\u2013 Gotland \u00e4r ju en egen kommun som har ett antal grannkommuner och det kostar ju inte n\u00e5gon annanstans i Sverige s\u00e5 mycket att resa \u00f6ver kommungr\u00e4nsen.<\/p>\n<p>\u2013 Det g\u00f6r att det blir sv\u00e5rt f\u00f6r gotl\u00e4nningarna att b\u00e5de vara f\u00f6retagare men ocks\u00e5 att kunna ha familj p\u00e5 annat h\u00e5ll och att man kan ses och resa till varandra p\u00e5 ett s\u00e5nt s\u00e4tt som man kan i \u00f6vriga Sverige, s\u00e4ger hon.<\/p>\n<p>Hon utesluter dock inte att i ett n\u00e4sta steg unders\u00f6ka om det \u00e4ven skulle kunna g\u00e4lla priserna p\u00e5 biljetter f\u00f6r alla resen\u00e4rer.\u00a0<\/p>\n<p>\u201dNu r\u00e4cker det\u201d<\/p>\n<p>F\u00f6rslaget ska tas upp i trafikutskottet efter \u00e5rsskiftet.\u00a0<\/p>\n<p>\u2013 Jag har en f\u00f6rhoppning om att man nu bek\u00e4nner f\u00e4rg och s\u00e4ger att det h\u00e4r problemet m\u00e5ste l\u00f6sas nu. Sm\u00e4rtgr\u00e4nsen \u00e4r n\u00e5dd, nu r\u00e4cker det, och att man kan st\u00e4lla sig bakom detta, s\u00e4ger Ulrika Heie.\u00a0<\/p>\n<p>Priserna p\u00e5 Gotlandsf\u00e4rjan, som k\u00f6rs av Destination Gotland, best\u00e4ms av dynamisk priss\u00e4ttning. Det inneb\u00e4r att det \u00e4r dyrare att resa n\u00e4r m\u00e5nga andra vill det och vice versa. F\u00f6r personer som \u00e4r folkbokf\u00f6rda p\u00e5 Gotland finns s\u00e4rskilda \u201dGotlandspriser\u201d, och rabatter p\u00e5 res- och pendlarkort.\u00a0<\/p>\n","protected":false},"excerpt":{"rendered":"Publicerad 12 dec 2025 kl 17.17 En biljett p\u00e5 Gotlandsf\u00e4rjan kan bli h\u00e4lften s\u00e5 dyr om ett nytt&hellip;\n","protected":false},"author":2,"featured_media":103974,"comment_status":"","ping_status":"","sticky":false,"template":"","format":"standard","meta":{"footnotes":""},"categories":[12],"tags":[22,23,26,27,17,21,24,25,1486,28,29,15,16,1353,18,34,154,31,33,32,30,19,20],"class_list":{"0":"post-103973","1":"post","2":"type-post","3":"status-publish","4":"format-standard","5":"has-post-thumbnail","7":"category-sverige","8":"tag-breaking-news","9":"tag-breakingnews","10":"tag-featured-news","11":"tag-featurednews","12":"tag-headlines","13":"tag-huvudnyheter","14":"tag-latest-news","15":"tag-latestnews","16":"tag-location-gotland","17":"tag-main-news","18":"tag-mainnews","19":"tag-news","20":"tag-nyheter","21":"tag-organization-centerpartiet","22":"tag-rubriker","23":"tag-se","24":"tag-sections-sverige","25":"tag-svenska","26":"tag-sverige","27":"tag-sweden","28":"tag-swedish","29":"tag-top-stories","30":"tag-topstories"},"share_on_mastodon":{"url":"https:\/\/pubeurope.com\/@se\/115707756367410833","error":""},"_links":{"self":[{"href":"https:\/\/www.europesays.com\/se\/wp-json\/wp\/v2\/posts\/103973","targetHints":{"allow":["GET"]}}],"collection":[{"href":"https:\/\/www.europesays.com\/se\/wp-json\/wp\/v2\/posts"}],"about":[{"href":"https:\/\/www.europesays.com\/se\/wp-json\/wp\/v2\/types\/post"}],"author":[{"embeddable":true,"href":"https:\/\/www.europesays.com\/se\/wp-json\/wp\/v2\/users\/2"}],"replies":[{"embeddable":true,"href":"https:\/\/www.europesays.com\/se\/wp-json\/wp\/v2\/comments?post=103973"}],"version-history":[{"count":0,"href":"https:\/\/www.europesays.com\/se\/wp-json\/wp\/v2\/posts\/103973\/revisions"}],"wp:featuredmedia":[{"embeddable":true,"href":"https:\/\/www.europesays.com\/se\/wp-json\/wp\/v2\/media\/103974"}],"wp:attachment":[{"href":"https:\/\/www.europesays.com\/se\/wp-json\/wp\/v2\/media?parent=103973"}],"wp:term":[{"taxonomy":"category","embeddable":true,"href":"https:\/\/www.europesays.com\/se\/wp-json\/wp\/v2\/categories?post=103973"},{"taxonomy":"post_tag","embeddable":true,"href":"https:\/\/www.europesays.com\/se\/wp-json\/wp\/v2\/tags?post=103973"}],"curies":[{"name":"wp","href":"https:\/\/api.w.org\/{rel}","templated":true}]}}