{"id":103975,"date":"2025-12-12T17:23:15","date_gmt":"2025-12-12T17:23:15","guid":{"rendered":"https:\/\/www.europesays.com\/se\/103975\/"},"modified":"2025-12-12T17:23:15","modified_gmt":"2025-12-12T17:23:15","slug":"siptex-maskinen-som-sorterar-textilier-ska-saljas","status":"publish","type":"post","link":"https:\/\/www.europesays.com\/se\/103975\/","title":{"rendered":"Siptex maskinen som sorterar textilier ska s\u00e4ljas"},"content":{"rendered":"<p><a data-test-tag=\"internal-link\" href=\"https:\/\/www.aftonbladet.se\/av\/christina-nordh\" class=\"hyperion-css-13ns1rr\" rel=\"nofollow noopener\" target=\"\" aria-label=\"Se alla artiklar av Christina Nordh\"><img decoding=\"async\" class=\"image-asset hyperion-css-n6kkq1\" data-test-tag=\"image-asset\" src=\"https:\/\/www.europesays.com\/se\/wp-content\/uploads\/2025\/12\/1765560194_623_3f1c9fd4-95cb-4dbf-8bea-120cdb20cf2f\"  alt=\"\"  loading=\"lazy\" fetchpriority=\"auto\" style=\"aspect-ratio:1900 \/ 1900\"\/><\/a>share-arrowDela<\/p>\n<p>unsaveSpara<\/p>\n<p>expand-left<\/p>\n<p>helsk\u00e4rm<img decoding=\"async\" class=\"image-asset hyperion-css-u06ts1\" data-test-tag=\"image-asset\" src=\"https:\/\/www.europesays.com\/se\/wp-content\/uploads\/2025\/12\/18659ebb-5628-46b7-9361-22535e2f49ab\"  alt=\"Den unika textilsorteringsmaskinen Siptex ska s\u00e4ljas. Nu ligger osorterade textilier \u00f6vergivna i en av betongf\u00e5llorna i industrilokalen.\"  loading=\"eager\" fetchpriority=\"high\" style=\"aspect-ratio:1900 \/ 1267\"\/>Den unika textilsorteringsmaskinen Siptex ska s\u00e4ljas. Nu ligger osorterade textilier \u00f6vergivna i en av betongf\u00e5llorna i industrilokalen. Foto: Krister Hansson<\/p>\n<p class=\"hyperion-css-1shl3oz\" data-test-tag=\"lead-text\">Siptex ska s\u00e4ljas.<\/p>\n<p class=\"hyperion-css-1shl3oz\" data-test-tag=\"lead-text\">Supermaskinen som sorterar textilier var f\u00f6re sin tid.<\/p>\n<p class=\"hyperion-css-1v9qo5x\">Siptex \u00e4r den enda storskaliga sorteringsmaskinen i v\u00e4rlden som kan skilja textilier \u00e5t och sortera dem.<\/p>\n<p class=\"hyperion-css-1v9qo5x\">Men nu har styrelsen f\u00f6r det sk\u00e5nska avfallsbolaget beslutat att supermaskinen ska s\u00e4ljas.<\/p>\n<p>H\u00f6gar med textilier<\/p>\n<p class=\"hyperion-css-1v9qo5x\">Den har under l\u00e5nga perioder st\u00e5tt stilla p\u00e5 grund av att marknaden inte varit redo att \u00e5tervinna textilierna. Just nu finns 1\u00a0200 ton textilier i fabrikslokalen i Malm\u00f6.<\/p>\n<p class=\"hyperion-css-1v9qo5x\">Tanken \u00e4r att Siptex ska s\u00e4ljas till marknadspris, men det \u00e4r oklart hur stor efterfr\u00e5gan egentligen \u00e4r, skriver <a aria-label=\"SVT Nyheter\" class=\"default hyperion-css-15jkft9\" href=\"https:\/\/www.svt.se\/nyheter\/lokalt\/skane\/varldsunik-anlaggning-for-textilsortering-till-salu\" rel=\"noopener nofollow noreferrer\" data-test-tag=\"external-link\" target=\"_blank\">SVT Nyheter<\/a>.<\/p>\n<p>expand-left<\/p>\n<p>helsk\u00e4rm<img decoding=\"async\" class=\"image-asset hyperion-css-u06ts1\" data-test-tag=\"image-asset\" src=\"https:\/\/www.europesays.com\/se\/wp-content\/uploads\/2025\/12\/b2bdc312-232c-455d-ad73-d8def9faba90\"  alt=\"Sysav, som \u00e4ger Siptex, tror att det kan finnas k\u00f6pare till den unika automatiska sorteringsmaskinen.\"  loading=\"eager\" fetchpriority=\"high\" style=\"aspect-ratio:1900 \/ 1267\"\/>Sysav, som \u00e4ger Siptex, tror att det kan finnas k\u00f6pare till den unika automatiska sorteringsmaskinen. Foto: Krister Hansson<\/p>\n<p class=\"hyperion-css-1v9qo5x\">Enligt <a data-test-tag=\"internal-link\" href=\"https:\/\/www.aftonbladet.se\/tagg\/sysav\" class=\"hyperion-css-15jkft9\" rel=\"nofollow noopener\" target=\"\" aria-label=\"Sysav\">Sysav<\/a> kan maskinen anv\u00e4ndas till annat \u00e4n textilsortering och tror d\u00e4rf\u00f6r att det kan finnas k\u00f6pare. <\/p>\n<p class=\"hyperion-css-1v9qo5x\">Sv\u00e5rare kan det bli med textilierna. Hittar man ingen k\u00f6pare g\u00e5r de till f\u00f6rbr\u00e4nning.<\/p>\n<p>\u201dViktig satsning\u201d<\/p>\n<p class=\"hyperion-css-1v9qo5x\">Styrelsen tycker att det \u00e4r tr\u00e5kigt att beh\u00f6va s\u00e4lja maskinen men var enig i sitt beslut.<\/p>\n<p class=\"hyperion-css-1v9qo5x\">\u2013 Siptex har varit en modig och viktig satsning. I efterhand kan man s\u00e4ga att Sysav var f\u00f6r tidigt ute \u2013 marknaden och lagstiftningen har inte h\u00e5llit den takt som vi, och m\u00e5nga med oss, trodde 2019, s\u00e4ger Malin Dahlroth, vd p\u00e5 Sysav, till SVT.<\/p>\n<p>expand-left<\/p>\n<p>helsk\u00e4rm<img decoding=\"async\" class=\"image-asset hyperion-css-u06ts1\" data-test-tag=\"image-asset\" src=\"https:\/\/www.europesays.com\/se\/wp-content\/uploads\/2025\/12\/74a9ffe3-5e85-4656-add2-2b3a751b4d6d\"  alt=\"Osorterade textilier ligger staplade i balar som \u00e4r cirka tre meter h\u00f6ga. \"  loading=\"eager\" fetchpriority=\"high\" style=\"aspect-ratio:1900 \/ 1267\"\/>Osorterade textilier ligger staplade i balar som \u00e4r cirka tre meter h\u00f6ga. Foto: Krister Hansson<\/p>\n","protected":false},"excerpt":{"rendered":"share-arrowDela unsaveSpara expand-left helsk\u00e4rmDen unika textilsorteringsmaskinen Siptex ska s\u00e4ljas. Nu ligger osorterade textilier \u00f6vergivna i en av betongf\u00e5llorna&hellip;\n","protected":false},"author":2,"featured_media":103976,"comment_status":"","ping_status":"","sticky":false,"template":"","format":"standard","meta":{"footnotes":""},"categories":[5],"tags":[22,23,26,27,17,21,24,25,28,29,15,16,18,34,31,33,32,30,19,20],"class_list":{"0":"post-103975","1":"post","2":"type-post","3":"status-publish","4":"format-standard","5":"has-post-thumbnail","7":"category-rubriker","8":"tag-breaking-news","9":"tag-breakingnews","10":"tag-featured-news","11":"tag-featurednews","12":"tag-headlines","13":"tag-huvudnyheter","14":"tag-latest-news","15":"tag-latestnews","16":"tag-main-news","17":"tag-mainnews","18":"tag-news","19":"tag-nyheter","20":"tag-rubriker","21":"tag-se","22":"tag-svenska","23":"tag-sverige","24":"tag-sweden","25":"tag-swedish","26":"tag-top-stories","27":"tag-topstories"},"share_on_mastodon":{"url":"https:\/\/pubeurope.com\/@se\/115707760370284911","error":""},"_links":{"self":[{"href":"https:\/\/www.europesays.com\/se\/wp-json\/wp\/v2\/posts\/103975","targetHints":{"allow":["GET"]}}],"collection":[{"href":"https:\/\/www.europesays.com\/se\/wp-json\/wp\/v2\/posts"}],"about":[{"href":"https:\/\/www.europesays.com\/se\/wp-json\/wp\/v2\/types\/post"}],"author":[{"embeddable":true,"href":"https:\/\/www.europesays.com\/se\/wp-json\/wp\/v2\/users\/2"}],"replies":[{"embeddable":true,"href":"https:\/\/www.europesays.com\/se\/wp-json\/wp\/v2\/comments?post=103975"}],"version-history":[{"count":0,"href":"https:\/\/www.europesays.com\/se\/wp-json\/wp\/v2\/posts\/103975\/revisions"}],"wp:featuredmedia":[{"embeddable":true,"href":"https:\/\/www.europesays.com\/se\/wp-json\/wp\/v2\/media\/103976"}],"wp:attachment":[{"href":"https:\/\/www.europesays.com\/se\/wp-json\/wp\/v2\/media?parent=103975"}],"wp:term":[{"taxonomy":"category","embeddable":true,"href":"https:\/\/www.europesays.com\/se\/wp-json\/wp\/v2\/categories?post=103975"},{"taxonomy":"post_tag","embeddable":true,"href":"https:\/\/www.europesays.com\/se\/wp-json\/wp\/v2\/tags?post=103975"}],"curies":[{"name":"wp","href":"https:\/\/api.w.org\/{rel}","templated":true}]}}