{"id":103981,"date":"2025-12-12T17:30:32","date_gmt":"2025-12-12T17:30:32","guid":{"rendered":"https:\/\/www.europesays.com\/se\/103981\/"},"modified":"2025-12-12T17:30:32","modified_gmt":"2025-12-12T17:30:32","slug":"inte-ens-en-timme-solljus-hittills-i-december","status":"publish","type":"post","link":"https:\/\/www.europesays.com\/se\/103981\/","title":{"rendered":"Inte ens en timme solljus hittills i december"},"content":{"rendered":"<p>Boende i Visby och Borl\u00e4nge har hittills f\u00e5tt n\u00f6ja sig med en enda soltimme i december \u2013 men det finns de som haft det \u00e4nnu m\u00f6rkare.\u2013\u2009Det \u00e4r inte ens en timme i Stockholm, s\u00e4ger Linus Falk.Bortsett fr\u00e5n allra l\u00e4ngst i norr, d\u00e4r det \u00e4r polarnatt, toppar fem platser m\u00f6rkerligan. F\u00f6rutom huvudstaden har m\u00e4tstationerna i Ume\u00e5, Lule\u00e5, Norrk\u00f6ping och Svenska H\u00f6garna noterat<\/p>\n","protected":false},"excerpt":{"rendered":"Boende i Visby och Borl\u00e4nge har hittills f\u00e5tt n\u00f6ja sig med en enda soltimme i december \u2013 men&hellip;\n","protected":false},"author":2,"featured_media":103982,"comment_status":"","ping_status":"","sticky":false,"template":"","format":"standard","meta":{"footnotes":""},"categories":[12],"tags":[22,23,26,27,17,21,24,25,28,29,15,16,18,34,31,33,32,30,19,20],"class_list":{"0":"post-103981","1":"post","2":"type-post","3":"status-publish","4":"format-standard","5":"has-post-thumbnail","7":"category-sverige","8":"tag-breaking-news","9":"tag-breakingnews","10":"tag-featured-news","11":"tag-featurednews","12":"tag-headlines","13":"tag-huvudnyheter","14":"tag-latest-news","15":"tag-latestnews","16":"tag-main-news","17":"tag-mainnews","18":"tag-news","19":"tag-nyheter","20":"tag-rubriker","21":"tag-se","22":"tag-svenska","23":"tag-sverige","24":"tag-sweden","25":"tag-swedish","26":"tag-top-stories","27":"tag-topstories"},"share_on_mastodon":{"url":"https:\/\/pubeurope.com\/@se\/115707787595672287","error":""},"_links":{"self":[{"href":"https:\/\/www.europesays.com\/se\/wp-json\/wp\/v2\/posts\/103981","targetHints":{"allow":["GET"]}}],"collection":[{"href":"https:\/\/www.europesays.com\/se\/wp-json\/wp\/v2\/posts"}],"about":[{"href":"https:\/\/www.europesays.com\/se\/wp-json\/wp\/v2\/types\/post"}],"author":[{"embeddable":true,"href":"https:\/\/www.europesays.com\/se\/wp-json\/wp\/v2\/users\/2"}],"replies":[{"embeddable":true,"href":"https:\/\/www.europesays.com\/se\/wp-json\/wp\/v2\/comments?post=103981"}],"version-history":[{"count":0,"href":"https:\/\/www.europesays.com\/se\/wp-json\/wp\/v2\/posts\/103981\/revisions"}],"wp:featuredmedia":[{"embeddable":true,"href":"https:\/\/www.europesays.com\/se\/wp-json\/wp\/v2\/media\/103982"}],"wp:attachment":[{"href":"https:\/\/www.europesays.com\/se\/wp-json\/wp\/v2\/media?parent=103981"}],"wp:term":[{"taxonomy":"category","embeddable":true,"href":"https:\/\/www.europesays.com\/se\/wp-json\/wp\/v2\/categories?post=103981"},{"taxonomy":"post_tag","embeddable":true,"href":"https:\/\/www.europesays.com\/se\/wp-json\/wp\/v2\/tags?post=103981"}],"curies":[{"name":"wp","href":"https:\/\/api.w.org\/{rel}","templated":true}]}}