{"id":103984,"date":"2025-12-12T17:38:37","date_gmt":"2025-12-12T17:38:37","guid":{"rendered":"https:\/\/www.europesays.com\/se\/103984\/"},"modified":"2025-12-12T17:38:37","modified_gmt":"2025-12-12T17:38:37","slug":"strykningar-pa-v85-ostersund-%c2%b7-senaste-nyheterna-om-trav-%c2%b7-travronden-2","status":"publish","type":"post","link":"https:\/\/www.europesays.com\/se\/103984\/","title":{"rendered":"Strykningar p\u00e5 V85 \u00d6stersund \u00b7 Senaste nyheterna om trav \u00b7 Travronden"},"content":{"rendered":"<p><strong>Poleposition<\/strong> skulle ha startat fr\u00e5n sp\u00e5r tv\u00e5 bakom bilen i V85-7. N\u00e4r han str\u00f6ks vid 11.30 p\u00e5 fredagen var han favorit p\u00e5 streckprocenten.<\/p>\n<p>Nu \u00e4r i st\u00e4llet Kinky Boots h\u00f6gst streckad f\u00f6ljd av Castor The Star och Lando Mearas.<\/p>\n<p><a target=\"_blank\" href=\"https:\/\/www.travrondenspel.se\/v85\/V85-ostersund-2025-12-13\" rel=\"nofollow noopener\"><strong>H\u00e4r finns Travronden Spels tipsmaterial \u2013 som inneh\u00e5ller intervjuer p\u00e5 samtliga h\u00e4star i omg\u00e5ngen<\/strong><\/a><\/p>\n<p>Senare under fredagen str\u00f6ks betrodda <strong>Frivoll Gorm<\/strong> ur V85-2 p\u00e5 grund av feber. Vid tillf\u00e4llet var han andrahandsfavorit bakom <strong>Oppg\u00e5rdsdr\u00e4ngen<\/strong>.<\/p>\n<p>Omg\u00e5ngens tredje strykning \u00e4r <strong>Diego Face<\/strong> som p\u00e5 grund av en s\u00e5rskada inte kommer till start i V85-1.<\/p>\n","protected":false},"excerpt":{"rendered":"Poleposition skulle ha startat fr\u00e5n sp\u00e5r tv\u00e5 bakom bilen i V85-7. N\u00e4r han str\u00f6ks vid 11.30 p\u00e5 fredagen&hellip;\n","protected":false},"author":2,"featured_media":103986,"comment_status":"","ping_status":"","sticky":false,"template":"","format":"standard","meta":{"footnotes":""},"categories":[5],"tags":[22,23,26,27,17,21,24,25,28,29,15,16,18,34,31,33,32,30,19,20],"class_list":{"0":"post-103984","1":"post","2":"type-post","3":"status-publish","4":"format-standard","5":"has-post-thumbnail","7":"category-rubriker","8":"tag-breaking-news","9":"tag-breakingnews","10":"tag-featured-news","11":"tag-featurednews","12":"tag-headlines","13":"tag-huvudnyheter","14":"tag-latest-news","15":"tag-latestnews","16":"tag-main-news","17":"tag-mainnews","18":"tag-news","19":"tag-nyheter","20":"tag-rubriker","21":"tag-se","22":"tag-svenska","23":"tag-sverige","24":"tag-sweden","25":"tag-swedish","26":"tag-top-stories","27":"tag-topstories"},"share_on_mastodon":{"url":"","error":""},"_links":{"self":[{"href":"https:\/\/www.europesays.com\/se\/wp-json\/wp\/v2\/posts\/103984","targetHints":{"allow":["GET"]}}],"collection":[{"href":"https:\/\/www.europesays.com\/se\/wp-json\/wp\/v2\/posts"}],"about":[{"href":"https:\/\/www.europesays.com\/se\/wp-json\/wp\/v2\/types\/post"}],"author":[{"embeddable":true,"href":"https:\/\/www.europesays.com\/se\/wp-json\/wp\/v2\/users\/2"}],"replies":[{"embeddable":true,"href":"https:\/\/www.europesays.com\/se\/wp-json\/wp\/v2\/comments?post=103984"}],"version-history":[{"count":0,"href":"https:\/\/www.europesays.com\/se\/wp-json\/wp\/v2\/posts\/103984\/revisions"}],"wp:featuredmedia":[{"embeddable":true,"href":"https:\/\/www.europesays.com\/se\/wp-json\/wp\/v2\/media\/103986"}],"wp:attachment":[{"href":"https:\/\/www.europesays.com\/se\/wp-json\/wp\/v2\/media?parent=103984"}],"wp:term":[{"taxonomy":"category","embeddable":true,"href":"https:\/\/www.europesays.com\/se\/wp-json\/wp\/v2\/categories?post=103984"},{"taxonomy":"post_tag","embeddable":true,"href":"https:\/\/www.europesays.com\/se\/wp-json\/wp\/v2\/tags?post=103984"}],"curies":[{"name":"wp","href":"https:\/\/api.w.org\/{rel}","templated":true}]}}