{"id":104003,"date":"2025-12-12T17:56:07","date_gmt":"2025-12-12T17:56:07","guid":{"rendered":"https:\/\/www.europesays.com\/se\/104003\/"},"modified":"2025-12-12T17:56:07","modified_gmt":"2025-12-12T17:56:07","slug":"dahlqvist-och-sundling-tog-hem-sprintstafetten","status":"publish","type":"post","link":"https:\/\/www.europesays.com\/se\/104003\/","title":{"rendered":"Dahlqvist och Sundling tog hem sprintstafetten"},"content":{"rendered":"<p>Det blev en lyckad svensk kv\u00e4ll i sprintstafetten i l\u00e4ngdskid\u00e5kning i schweiziska Davos. Maja Dahlqvist och Jonna Sundling kammade hem segern i \u00f6verl\u00e4gsen stil och gick i m\u00e5l mer \u00e4n tre sekunder f\u00f6re det norska andralaget. <\/p>\n<p>\u2013 Maja och Jonna g\u00f6r en kanonstafett h\u00e4r, s\u00e4ger Viaplays expert Teodor Peterson i s\u00e4ndningen. <\/p>\n<p>Det andra svenska laget, best\u00e5ende av Emma Ribom och Linn Svahn, slutade p\u00e5 en femteplats. <\/p>\n<p>Omni \u00e4r politiskt obundna och oberoende. Vi str\u00e4var efter att ge fler perspektiv p\u00e5 nyheterna. Har du fr\u00e5gor eller synpunkter kring v\u00e5r rapportering? <a href=\"https:\/\/omni.se\/dahlqvist-och-sundling-vann-sprintstafetten\/a\/mailto:redaktion@omni.se\" class=\"ArticleActions_contactLink__W2F1M\" rel=\"nofollow noopener\" target=\"_blank\">Kontakta redaktionen<\/a><\/p>\n","protected":false},"excerpt":{"rendered":"Det blev en lyckad svensk kv\u00e4ll i sprintstafetten i l\u00e4ngdskid\u00e5kning i schweiziska Davos. Maja Dahlqvist och Jonna Sundling&hellip;\n","protected":false},"author":2,"featured_media":104004,"comment_status":"","ping_status":"","sticky":false,"template":"","format":"standard","meta":{"footnotes":""},"categories":[68],"tags":[11427,9686,3237,9261,9352,34,111,110,31,33,32,30],"class_list":{"0":"post-104003","1":"post","2":"type-post","3":"status-publish","4":"format-standard","5":"has-post-thumbnail","7":"category-sport","8":"tag-emma-ribom","9":"tag-jonna-sundling","10":"tag-langdskidor","11":"tag-linn-svahn","12":"tag-maja-dahlqvist","13":"tag-se","14":"tag-sport","15":"tag-sports","16":"tag-svenska","17":"tag-sverige","18":"tag-sweden","19":"tag-swedish"},"share_on_mastodon":{"url":"https:\/\/pubeurope.com\/@se\/115707889782641267","error":""},"_links":{"self":[{"href":"https:\/\/www.europesays.com\/se\/wp-json\/wp\/v2\/posts\/104003","targetHints":{"allow":["GET"]}}],"collection":[{"href":"https:\/\/www.europesays.com\/se\/wp-json\/wp\/v2\/posts"}],"about":[{"href":"https:\/\/www.europesays.com\/se\/wp-json\/wp\/v2\/types\/post"}],"author":[{"embeddable":true,"href":"https:\/\/www.europesays.com\/se\/wp-json\/wp\/v2\/users\/2"}],"replies":[{"embeddable":true,"href":"https:\/\/www.europesays.com\/se\/wp-json\/wp\/v2\/comments?post=104003"}],"version-history":[{"count":0,"href":"https:\/\/www.europesays.com\/se\/wp-json\/wp\/v2\/posts\/104003\/revisions"}],"wp:featuredmedia":[{"embeddable":true,"href":"https:\/\/www.europesays.com\/se\/wp-json\/wp\/v2\/media\/104004"}],"wp:attachment":[{"href":"https:\/\/www.europesays.com\/se\/wp-json\/wp\/v2\/media?parent=104003"}],"wp:term":[{"taxonomy":"category","embeddable":true,"href":"https:\/\/www.europesays.com\/se\/wp-json\/wp\/v2\/categories?post=104003"},{"taxonomy":"post_tag","embeddable":true,"href":"https:\/\/www.europesays.com\/se\/wp-json\/wp\/v2\/tags?post=104003"}],"curies":[{"name":"wp","href":"https:\/\/api.w.org\/{rel}","templated":true}]}}