{"id":104045,"date":"2025-12-12T19:44:11","date_gmt":"2025-12-12T19:44:11","guid":{"rendered":"https:\/\/www.europesays.com\/se\/104045\/"},"modified":"2025-12-12T19:44:11","modified_gmt":"2025-12-12T19:44:11","slug":"avslojar-groningen-visar-intresse-for-aiks-taha-ayari","status":"publish","type":"post","link":"https:\/\/www.europesays.com\/se\/104045\/","title":{"rendered":"AVSL\u00d6JAR: Groningen visar intresse f\u00f6r AIK:s Taha Ayari"},"content":{"rendered":"<p><strong>AIK kan st\u00e5 inf\u00f6r stora f\u00f6r\u00e4ndringar och ett namn som drar till sig intresse \u00e4r Taha Ayari.\u00a0<br \/>Enligt flera olika k\u00e4llor f\u00f6ljs Ayari nu av nederl\u00e4ndska Groningen.\u00a0<\/strong><\/p>\n<p><img loading=\"lazy\" decoding=\"async\" width=\"1024\" height=\"576\" src=\"https:\/\/www.europesays.com\/se\/wp-content\/uploads\/2025\/12\/taha-ayari-1024x576.jpg\" alt=\"250915 AIKs Taha Ayari inf\u00f6r fotbollsmatchen i Allsvenskan mellan AIK och Brommapojkarna den 15 september 2025 i Stockholm.\" class=\"wp-image-350153\"  \/>Foto: Bildbyr\u00e5n<\/p>\n<p>Han b\u00f6rjade s\u00e4songen skadad men kom tillbaka starkt. <strong><a href=\"https:\/\/fotbolldirekt.se\/spelare\/taha-ayari\/\" rel=\"nofollow noopener\" target=\"_blank\">Taha Ayari<\/a><\/strong>, 20, fick n\u00e4stan omg\u00e5ende en startplats och visade en \u00f6verraskande snabb anpassning efter den l\u00e5ngvariga skadan.\u00a0H\u00f6sten skulle d\u00e4remot bli tyngre, liksom f\u00f6r hela <a href=\"https:\/\/fotbolldirekt.se\/klubb\/aik-fotboll\/\" rel=\"nofollow noopener\" target=\"_blank\">AIK<\/a>.\u00a0<\/p>\n<p>Inf\u00f6r kommande f\u00f6nster \u00e4r talangen nu utlandsaktuell.\u00a0Enligt FotbollDirekts uppgifter uppges flera klubbar titta p\u00e5 20-\u00e5ringen och d\u00e4r en av dessa \u00e4r <strong>Groningen<\/strong>.\u00a0Den nederl\u00e4ndska klubben, som i nul\u00e4get ligger sexa i h\u00f6gstaligan, uppges ha Ayari p\u00e5 en lista \u00f6ver t\u00e4nkbara v\u00e4rvningar i januari och har \u00e4ven sett flera matcher.\u00a0<\/p>\n<p><img loading=\"lazy\" decoding=\"async\" width=\"1024\" height=\"576\" src=\"https:\/\/www.europesays.com\/se\/wp-content\/uploads\/2025\/12\/tahga-a-1024x576.jpg\" alt=\"251019 Hammarbys Hampus Skoglund och AIKs Taha Ayari under fotbollsmatchen i Allsvenskan mellan Hammarby och AIK den 19 oktober 2025 i Stockholm.&#10;\" class=\"wp-image-350154\"  \/>Foto: Bildbyr\u00e5n<\/p>\n<p>Den f\u00f6rre \u201dGnaget\u201d-sportchefen <strong>Thomas Berntsen<\/strong> kommenterade Ayaris namn innan han l\u00e4mnade AIK.<\/p>\n<p>\u2013 Han \u00e4r ung, han \u00e4r bra och har en extrem offensiv potential. Taha Ayari har det varit intresse f\u00f6r sedan jag kom.<\/p>\n<p>FotbollDirekt rapporterade \u00e4ven i fjol om att <strong><a href=\"https:\/\/fotbolldirekt.se\/klubb\/fc-kopenhamn\/\" rel=\"nofollow noopener\" target=\"_blank\">FC K\u00f6penhamn<\/a><\/strong> hade \u00f6gonen p\u00e5 honom.\u00a0<\/p>\n<p>Totalt blev det 18 matcher i allsvenskan 2025 f\u00f6r Taha Ayari. Han noterades f\u00f6r tv\u00e5 assist. I april 2025 kritade talangen p\u00e5 ett nytt kontrakt med AIK som str\u00e4cker sig \u00f6ver 2028.<\/p>\n<p>I h\u00f6stas kallades Ayari in till U21-landslaget efter att Adrian Skogmar tvingats l\u00e4mna \u00e5terbud. <\/p>\n","protected":false},"excerpt":{"rendered":"AIK kan st\u00e5 inf\u00f6r stora f\u00f6r\u00e4ndringar och ett namn som drar till sig intresse \u00e4r Taha Ayari.\u00a0Enligt flera&hellip;\n","protected":false},"author":2,"featured_media":104046,"comment_status":"","ping_status":"","sticky":false,"template":"","format":"standard","meta":{"footnotes":""},"categories":[68],"tags":[754,34,111,110,31,33,32,30],"class_list":{"0":"post-104045","1":"post","2":"type-post","3":"status-publish","4":"format-standard","5":"has-post-thumbnail","7":"category-sport","8":"tag-huvudblock","9":"tag-se","10":"tag-sport","11":"tag-sports","12":"tag-svenska","13":"tag-sverige","14":"tag-sweden","15":"tag-swedish"},"share_on_mastodon":{"url":"https:\/\/pubeurope.com\/@se\/115708314753738921","error":""},"_links":{"self":[{"href":"https:\/\/www.europesays.com\/se\/wp-json\/wp\/v2\/posts\/104045","targetHints":{"allow":["GET"]}}],"collection":[{"href":"https:\/\/www.europesays.com\/se\/wp-json\/wp\/v2\/posts"}],"about":[{"href":"https:\/\/www.europesays.com\/se\/wp-json\/wp\/v2\/types\/post"}],"author":[{"embeddable":true,"href":"https:\/\/www.europesays.com\/se\/wp-json\/wp\/v2\/users\/2"}],"replies":[{"embeddable":true,"href":"https:\/\/www.europesays.com\/se\/wp-json\/wp\/v2\/comments?post=104045"}],"version-history":[{"count":0,"href":"https:\/\/www.europesays.com\/se\/wp-json\/wp\/v2\/posts\/104045\/revisions"}],"wp:featuredmedia":[{"embeddable":true,"href":"https:\/\/www.europesays.com\/se\/wp-json\/wp\/v2\/media\/104046"}],"wp:attachment":[{"href":"https:\/\/www.europesays.com\/se\/wp-json\/wp\/v2\/media?parent=104045"}],"wp:term":[{"taxonomy":"category","embeddable":true,"href":"https:\/\/www.europesays.com\/se\/wp-json\/wp\/v2\/categories?post=104045"},{"taxonomy":"post_tag","embeddable":true,"href":"https:\/\/www.europesays.com\/se\/wp-json\/wp\/v2\/tags?post=104045"}],"curies":[{"name":"wp","href":"https:\/\/api.w.org\/{rel}","templated":true}]}}