{"id":104059,"date":"2025-12-12T20:09:14","date_gmt":"2025-12-12T20:09:14","guid":{"rendered":"https:\/\/www.europesays.com\/se\/104059\/"},"modified":"2025-12-12T20:09:14","modified_gmt":"2025-12-12T20:09:14","slug":"nya-bilder-fran-epstein-slappta","status":"publish","type":"post","link":"https:\/\/www.europesays.com\/se\/104059\/","title":{"rendered":"Nya bilder fr\u00e5n Epstein sl\u00e4ppta"},"content":{"rendered":"<p>De 19 bilderna, som sl\u00e4pps p\u00e5 initiativ av Demokraterna, visar Epstein tillsammans med flera inflytelserika och m\u00e4ktiga m\u00e4n. Vem som har tagit bilderna \u00e4r ok\u00e4nt, men de var tidigare i Epsteins \u00e4go.<\/p>\n<p>USA:s president Donald Trump f\u00f6rekommer p\u00e5 flera av bilderna, bland annat omringad av kvinnor. P\u00e5 en bild syns en sk\u00e5l med \u201dTrump-kondomer\u201d, med kondomf\u00f6rpackningar som pryds en teckning av den blivande presidenten.<\/p>\n<p>Bill Gates och Woody Allen<\/p>\n<p>Andra som f\u00f6rekommer p\u00e5 bilderna \u00e4r Trumps tidigare r\u00e5dgivare Steve Bannon, Microsoftgrundaren Bill Gates, den brittiske exprinsen Andrew, filmregiss\u00f6ren Woody Allen, miljard\u00e4ren Richard Branson, expresidenten Bill Clinton, tidigare finansministern Larry Summers och den h\u00f6gprofilerade advokaten Alan Dershowitz.<\/p>\n<p>\u00c4ven Epsteins brottsd\u00f6mda kompanjon Ghislaine Maxwell syns till.<\/p>\n<p>Vita husets svar<\/p>\n<p>Kopplingen mellan Epstein och flera av de som \u00e4r med p\u00e5 bilderna var k\u00e4nd sedan tidigare.<\/p>\n<p>Vita husets vice presstalesperson Abigail Jackson s\u00e4ger i ett uttalande att Demokraterna har gjort ett selektivt urval av bilder f\u00f6r att skapa ett falskt narrativ, rapporterar BBC.<\/p>\n<p>Hon s\u00e4ger att det \u00e4r dags att fr\u00e5ga demokrater varf\u00f6r de umgicks med Epstein, och att Trump-administrationen \u201dgjort mer f\u00f6r Epsteins offer \u00e4n Demokraterna n\u00e5gonsin gjort\u201d , rapporterar AP.<\/p>\n<p>Ett lagf\u00f6rslag <a href=\"https:\/\/www.svt.se\/nyheter\/utrikes\/trump-skriver-under-epsteinfilerna-ska-slappas\" rel=\"nofollow noopener\" target=\"_blank\">om att offenligg\u00f6ra hela<\/a> utredningen inom 30 dagar godk\u00e4ndes i slutet av november.<\/p>\n","protected":false},"excerpt":{"rendered":"De 19 bilderna, som sl\u00e4pps p\u00e5 initiativ av Demokraterna, visar Epstein tillsammans med flera inflytelserika och m\u00e4ktiga m\u00e4n.&hellip;\n","protected":false},"author":2,"featured_media":104060,"comment_status":"","ping_status":"","sticky":false,"template":"","format":"standard","meta":{"footnotes":""},"categories":[5],"tags":[22,23,26,27,17,21,24,25,28,29,15,16,18,34,31,33,32,30,19,20],"class_list":{"0":"post-104059","1":"post","2":"type-post","3":"status-publish","4":"format-standard","5":"has-post-thumbnail","7":"category-rubriker","8":"tag-breaking-news","9":"tag-breakingnews","10":"tag-featured-news","11":"tag-featurednews","12":"tag-headlines","13":"tag-huvudnyheter","14":"tag-latest-news","15":"tag-latestnews","16":"tag-main-news","17":"tag-mainnews","18":"tag-news","19":"tag-nyheter","20":"tag-rubriker","21":"tag-se","22":"tag-svenska","23":"tag-sverige","24":"tag-sweden","25":"tag-swedish","26":"tag-top-stories","27":"tag-topstories"},"share_on_mastodon":{"url":"https:\/\/pubeurope.com\/@se\/115708412801983994","error":""},"_links":{"self":[{"href":"https:\/\/www.europesays.com\/se\/wp-json\/wp\/v2\/posts\/104059","targetHints":{"allow":["GET"]}}],"collection":[{"href":"https:\/\/www.europesays.com\/se\/wp-json\/wp\/v2\/posts"}],"about":[{"href":"https:\/\/www.europesays.com\/se\/wp-json\/wp\/v2\/types\/post"}],"author":[{"embeddable":true,"href":"https:\/\/www.europesays.com\/se\/wp-json\/wp\/v2\/users\/2"}],"replies":[{"embeddable":true,"href":"https:\/\/www.europesays.com\/se\/wp-json\/wp\/v2\/comments?post=104059"}],"version-history":[{"count":0,"href":"https:\/\/www.europesays.com\/se\/wp-json\/wp\/v2\/posts\/104059\/revisions"}],"wp:featuredmedia":[{"embeddable":true,"href":"https:\/\/www.europesays.com\/se\/wp-json\/wp\/v2\/media\/104060"}],"wp:attachment":[{"href":"https:\/\/www.europesays.com\/se\/wp-json\/wp\/v2\/media?parent=104059"}],"wp:term":[{"taxonomy":"category","embeddable":true,"href":"https:\/\/www.europesays.com\/se\/wp-json\/wp\/v2\/categories?post=104059"},{"taxonomy":"post_tag","embeddable":true,"href":"https:\/\/www.europesays.com\/se\/wp-json\/wp\/v2\/tags?post=104059"}],"curies":[{"name":"wp","href":"https:\/\/api.w.org\/{rel}","templated":true}]}}