{"id":104063,"date":"2025-12-12T20:17:12","date_gmt":"2025-12-12T20:17:12","guid":{"rendered":"https:\/\/www.europesays.com\/se\/104063\/"},"modified":"2025-12-12T20:17:12","modified_gmt":"2025-12-12T20:17:12","slug":"ishockey-victor-hedman-opereras-gar-kamp-mot-klockan-for-att-na-os","status":"publish","type":"post","link":"https:\/\/www.europesays.com\/se\/104063\/","title":{"rendered":"Ishockey: Victor Hedman opereras \u2013 g\u00e5r kamp mot klockan f\u00f6r att n\u00e5 OS"},"content":{"rendered":"<p>OS drar ig\u00e5ng 4 februari och f\u00f6r f\u00f6rsta g\u00e5ngen sedan 2014 kommer NHL-proffsen att delta. Redan i juni fick backklippan Hedman som blott en av sex spelare en OS-biljett till Tre Kronors trupp. <\/p>\n<p>Nu \u00e4r det h\u00f6gst os\u00e4kert om nyckelspelaren Hedman kommer att kunna spela i Milano och g\u00f6ra sitt f\u00f6rsta OS. <\/p>\n<p>Skadedrabbad s\u00e4song<\/p>\n<p>\u201dVictor Hedman kommer att opereras i armb\u00e5gen p\u00e5 m\u00e5ndag. Han f\u00f6rv\u00e4ntas vara tillbaka i b\u00f6rjan av februari och spela f\u00f6r Sverige i OS\u201d, <a href=\"https:\/\/x.com\/tblightning\/status\/1999561730360250721?s=46&amp;t=O9OqsTj2n_1_aiUAmet1-A\" rel=\"nofollow\">skriver Tampa Bay p\u00e5 X.<\/a><\/p>\n<p>34-\u00e5rige Hedman skadade sig i matchen mot Montreal i tisdags. <\/p>\n<p>Hedman har dragits med skadebekymmer under s\u00e4songen. I b\u00f6rjan av november \u00e5kte han p\u00e5 en ospecificerad skada och missade tolv matcher. Hedman hann bara spela tre matcher innan han nu skadade armb\u00e5gen. <\/p>\n","protected":false},"excerpt":{"rendered":"OS drar ig\u00e5ng 4 februari och f\u00f6r f\u00f6rsta g\u00e5ngen sedan 2014 kommer NHL-proffsen att delta. Redan i juni&hellip;\n","protected":false},"author":2,"featured_media":104064,"comment_status":"","ping_status":"","sticky":false,"template":"","format":"standard","meta":{"footnotes":""},"categories":[5],"tags":[22,23,26,27,17,21,24,25,28,29,15,16,18,34,31,33,32,30,19,20],"class_list":{"0":"post-104063","1":"post","2":"type-post","3":"status-publish","4":"format-standard","5":"has-post-thumbnail","7":"category-rubriker","8":"tag-breaking-news","9":"tag-breakingnews","10":"tag-featured-news","11":"tag-featurednews","12":"tag-headlines","13":"tag-huvudnyheter","14":"tag-latest-news","15":"tag-latestnews","16":"tag-main-news","17":"tag-mainnews","18":"tag-news","19":"tag-nyheter","20":"tag-rubriker","21":"tag-se","22":"tag-svenska","23":"tag-sverige","24":"tag-sweden","25":"tag-swedish","26":"tag-top-stories","27":"tag-topstories"},"share_on_mastodon":{"url":"https:\/\/pubeurope.com\/@se\/115708444184484524","error":""},"_links":{"self":[{"href":"https:\/\/www.europesays.com\/se\/wp-json\/wp\/v2\/posts\/104063","targetHints":{"allow":["GET"]}}],"collection":[{"href":"https:\/\/www.europesays.com\/se\/wp-json\/wp\/v2\/posts"}],"about":[{"href":"https:\/\/www.europesays.com\/se\/wp-json\/wp\/v2\/types\/post"}],"author":[{"embeddable":true,"href":"https:\/\/www.europesays.com\/se\/wp-json\/wp\/v2\/users\/2"}],"replies":[{"embeddable":true,"href":"https:\/\/www.europesays.com\/se\/wp-json\/wp\/v2\/comments?post=104063"}],"version-history":[{"count":0,"href":"https:\/\/www.europesays.com\/se\/wp-json\/wp\/v2\/posts\/104063\/revisions"}],"wp:featuredmedia":[{"embeddable":true,"href":"https:\/\/www.europesays.com\/se\/wp-json\/wp\/v2\/media\/104064"}],"wp:attachment":[{"href":"https:\/\/www.europesays.com\/se\/wp-json\/wp\/v2\/media?parent=104063"}],"wp:term":[{"taxonomy":"category","embeddable":true,"href":"https:\/\/www.europesays.com\/se\/wp-json\/wp\/v2\/categories?post=104063"},{"taxonomy":"post_tag","embeddable":true,"href":"https:\/\/www.europesays.com\/se\/wp-json\/wp\/v2\/tags?post=104063"}],"curies":[{"name":"wp","href":"https:\/\/api.w.org\/{rel}","templated":true}]}}