{"id":104089,"date":"2025-12-12T20:59:39","date_gmt":"2025-12-12T20:59:39","guid":{"rendered":"https:\/\/www.europesays.com\/se\/104089\/"},"modified":"2025-12-12T20:59:39","modified_gmt":"2025-12-12T20:59:39","slug":"orgryte-koper-loss-hofvander-fran-aik-allsvenskan","status":"publish","type":"post","link":"https:\/\/www.europesays.com\/se\/104089\/","title":{"rendered":"\u00d6rgryte k\u00f6per loss Hofvander fr\u00e5n AIK | Allsvenskan"},"content":{"rendered":"<p>Publicerad 12 dec 2025 kl 20.14<\/p>\n<p>William Hofvander kommer att l\u00e4mna AIK.<\/p>\n<p>Enligt uppgifter till Expressen k\u00f6per \u00d6rgryte loss 23-\u00e5ringen.<\/p>\n<p>Hofvander v\u00e4ntas inom kort skriva p\u00e5 f\u00f6r tre \u00e5r med \u00d6is.<\/p>\n<p>Miguel Angel Ramirez: \u201dL\u00e5t oss bygga n\u00e5got fantastiskt\u201d<img   alt=\"\"\/><\/p>\n<p>William Hofvander.<\/p>\n<p>Foto: TOBIAS STERNER \/ BILDBYR\u00c5N<\/p>\n<p>\u00d6ppna bild i helsk\u00e4rm<\/p>\n<p>William Hofvander l\u00e5nades ut fr\u00e5n AIK till \u00d6rgryte i somras. P\u00e5 tolv matcher i superettan gjorde 23-\u00e5ringen tv\u00e5 m\u00e5l och tv\u00e5 assist n\u00e4r han hj\u00e4lpte laget upp i allsvenskan.<\/p>\n<p>Enligt uppgifter till Expressen st\u00e5r det ocks\u00e5 klart att \u00d6rgryte kommer att k\u00f6pa loss Hofvander fr\u00e5n AIK. Parterna \u00e4r \u00f6verens om ett kontrakt p\u00e5 tre \u00e5r.<\/p>\n<p>H\u00e4nder inget ov\u00e4ntat s\u00e5 v\u00e4ntas 23-\u00e5ringen presenteras inom kort av den allsvenska nykomlingen, som d\u00e4rmed blir en del av lagbygget i n\u00e4sta \u00e5rs allsvenska.<\/p>\n<p>William Hofvander slog igenom p\u00e5 allvar i Ume\u00e5 n\u00e4r AIK v\u00e4rvade honom vintern 2024. Han har dessf\u00f6rinnan \u00e4ven spelat f\u00f6r Hammarby TFF och nu blir han allts\u00e5 \u00d6is trogen i tre \u00e5r till.<\/p>\n","protected":false},"excerpt":{"rendered":"Publicerad 12 dec 2025 kl 20.14 William Hofvander kommer att l\u00e4mna AIK. Enligt uppgifter till Expressen k\u00f6per \u00d6rgryte&hellip;\n","protected":false},"author":2,"featured_media":104090,"comment_status":"","ping_status":"","sticky":false,"template":"","format":"standard","meta":{"footnotes":""},"categories":[68],"tags":[131,216,34,130,129,111,110,31,33,32,30],"class_list":{"0":"post-104089","1":"post","2":"type-post","3":"status-publish","4":"format-standard","5":"has-post-thumbnail","7":"category-sport","8":"tag-organization-aik-fotboll","9":"tag-organization-orgryte-is","10":"tag-se","11":"tag-sections-allsvenskan","12":"tag-sections-fotboll","13":"tag-sport","14":"tag-sports","15":"tag-svenska","16":"tag-sverige","17":"tag-sweden","18":"tag-swedish"},"share_on_mastodon":{"url":"https:\/\/pubeurope.com\/@se\/115708609442408239","error":""},"_links":{"self":[{"href":"https:\/\/www.europesays.com\/se\/wp-json\/wp\/v2\/posts\/104089","targetHints":{"allow":["GET"]}}],"collection":[{"href":"https:\/\/www.europesays.com\/se\/wp-json\/wp\/v2\/posts"}],"about":[{"href":"https:\/\/www.europesays.com\/se\/wp-json\/wp\/v2\/types\/post"}],"author":[{"embeddable":true,"href":"https:\/\/www.europesays.com\/se\/wp-json\/wp\/v2\/users\/2"}],"replies":[{"embeddable":true,"href":"https:\/\/www.europesays.com\/se\/wp-json\/wp\/v2\/comments?post=104089"}],"version-history":[{"count":0,"href":"https:\/\/www.europesays.com\/se\/wp-json\/wp\/v2\/posts\/104089\/revisions"}],"wp:featuredmedia":[{"embeddable":true,"href":"https:\/\/www.europesays.com\/se\/wp-json\/wp\/v2\/media\/104090"}],"wp:attachment":[{"href":"https:\/\/www.europesays.com\/se\/wp-json\/wp\/v2\/media?parent=104089"}],"wp:term":[{"taxonomy":"category","embeddable":true,"href":"https:\/\/www.europesays.com\/se\/wp-json\/wp\/v2\/categories?post=104089"},{"taxonomy":"post_tag","embeddable":true,"href":"https:\/\/www.europesays.com\/se\/wp-json\/wp\/v2\/tags?post=104089"}],"curies":[{"name":"wp","href":"https:\/\/api.w.org\/{rel}","templated":true}]}}