{"id":104093,"date":"2025-12-12T21:02:09","date_gmt":"2025-12-12T21:02:09","guid":{"rendered":"https:\/\/www.europesays.com\/se\/104093\/"},"modified":"2025-12-12T21:02:09","modified_gmt":"2025-12-12T21:02:09","slug":"schweiz-vill-ha-farre-f-35-oppnar-for-andra-tillverkare","status":"publish","type":"post","link":"https:\/\/www.europesays.com\/se\/104093\/","title":{"rendered":"Schweiz vill ha f\u00e4rre F-35 \u2013 \u00f6ppnar f\u00f6r andra tillverkare"},"content":{"rendered":"<p>Schweiz kommer att k\u00f6pa f\u00e4rre \u00e4n de 36 aviserade amerikanska stridsplanen av modell F-35A och \u00f6ppnar samtidigt f\u00f6r att komplettera med andra modeller, skriver regeringen i ett pressmeddelande. Kursoml\u00e4ggningen motiveras med att landet enbart vill k\u00f6pa plan f\u00f6r de 6 miljarder franc, motsvarande 70 miljarder kronor, som godk\u00e4nts av v\u00e4ljarna och att \u201df\u00f6rutsebara merkostnader\u201d inte g\u00f6r det planerade k\u00f6pet f\u00f6rsvarbart.<\/p>\n<p>Samtidigt beh\u00f6ver Schweiz 55-70 moderna stridsflyg. \u201dDenna potentiella \u00f6kning av luftburna kapaciteter ut\u00f6ver den godk\u00e4nda upphandlingen av F-35A kommer att granskas oberoende av flygplanstyp\u201d, skriver regeringen utan att n\u00e4mna n\u00e5gra specifika fabrik\u00f6rer. DI tolkar uttalandet som att landet \u00f6ppnar f\u00f6r offerter fr\u00e5n bland annat svenska Saab.<\/p>\n<p>Omni \u00e4r politiskt obundna och oberoende. Vi str\u00e4var efter att ge fler perspektiv p\u00e5 nyheterna. Har du fr\u00e5gor eller synpunkter kring v\u00e5r rapportering? <a href=\"https:\/\/omni.se\/schweiz-vill-ha-farre-f-35-oppnar-for-andra-tillverkare\/a\/mailto:redaktion@omni.se\" class=\"ArticleActions_contactLink__W2F1M\" rel=\"nofollow noopener\" target=\"_blank\">Kontakta redaktionen<\/a><\/p>\n","protected":false},"excerpt":{"rendered":"Schweiz kommer att k\u00f6pa f\u00e4rre \u00e4n de 36 aviserade amerikanska stridsplanen av modell F-35A och \u00f6ppnar samtidigt f\u00f6r&hellip;\n","protected":false},"author":2,"featured_media":104094,"comment_status":"","ping_status":"","sticky":false,"template":"","format":"standard","meta":{"footnotes":""},"categories":[65],"tags":[72,70,71,267,868,8547,2200,336,34,31,33,32,30,74],"class_list":{"0":"post-104093","1":"post","2":"type-post","3":"status-publish","4":"format-standard","5":"has-post-thumbnail","7":"category-ekonomi","8":"tag-business","9":"tag-economy","10":"tag-ekonomi","11":"tag-europa","12":"tag-forsvarsindustri","13":"tag-lockheed-martin","14":"tag-saab","15":"tag-schweiz","16":"tag-se","17":"tag-svenska","18":"tag-sverige","19":"tag-sweden","20":"tag-swedish","21":"tag-usa"},"share_on_mastodon":{"url":"https:\/\/pubeurope.com\/@se\/115708621163309936","error":""},"_links":{"self":[{"href":"https:\/\/www.europesays.com\/se\/wp-json\/wp\/v2\/posts\/104093","targetHints":{"allow":["GET"]}}],"collection":[{"href":"https:\/\/www.europesays.com\/se\/wp-json\/wp\/v2\/posts"}],"about":[{"href":"https:\/\/www.europesays.com\/se\/wp-json\/wp\/v2\/types\/post"}],"author":[{"embeddable":true,"href":"https:\/\/www.europesays.com\/se\/wp-json\/wp\/v2\/users\/2"}],"replies":[{"embeddable":true,"href":"https:\/\/www.europesays.com\/se\/wp-json\/wp\/v2\/comments?post=104093"}],"version-history":[{"count":0,"href":"https:\/\/www.europesays.com\/se\/wp-json\/wp\/v2\/posts\/104093\/revisions"}],"wp:featuredmedia":[{"embeddable":true,"href":"https:\/\/www.europesays.com\/se\/wp-json\/wp\/v2\/media\/104094"}],"wp:attachment":[{"href":"https:\/\/www.europesays.com\/se\/wp-json\/wp\/v2\/media?parent=104093"}],"wp:term":[{"taxonomy":"category","embeddable":true,"href":"https:\/\/www.europesays.com\/se\/wp-json\/wp\/v2\/categories?post=104093"},{"taxonomy":"post_tag","embeddable":true,"href":"https:\/\/www.europesays.com\/se\/wp-json\/wp\/v2\/tags?post=104093"}],"curies":[{"name":"wp","href":"https:\/\/api.w.org\/{rel}","templated":true}]}}