{"id":104097,"date":"2025-12-12T21:05:14","date_gmt":"2025-12-12T21:05:14","guid":{"rendered":"https:\/\/www.europesays.com\/se\/104097\/"},"modified":"2025-12-12T21:05:14","modified_gmt":"2025-12-12T21:05:14","slug":"om-trump-struntar-i-kina-ar-europa-illa-ute","status":"publish","type":"post","link":"https:\/\/www.europesays.com\/se\/104097\/","title":{"rendered":"Om Trump struntar i Kina \u00e4r Europa illa ute"},"content":{"rendered":"<p>share-arrowDela<\/p>\n<p>unsaveSpara<\/p>\n<p>expand-left<\/p>\n<p>helsk\u00e4rm<img decoding=\"async\" class=\"image-asset hyperion-css-u06ts1\" data-test-tag=\"image-asset\" src=\"https:\/\/www.europesays.com\/se\/wp-content\/uploads\/2025\/12\/863eb014-25a4-49e3-aed7-2953d2f57f8d\"  alt=\"Donald Trump.\"  loading=\"eager\" fetchpriority=\"high\" style=\"aspect-ratio:1900 \/ 1267\"\/>Donald Trump. Foto: Alex Brandon\/AP<\/p>\n<p class=\"hyperion-css-1shl3oz\" data-test-tag=\"lead-text\">De hemliga till\u00e4ggen i USA:s nya s\u00e4kerhetsstrategi \u00e4r \u00e4nnu ett tecken.<\/p>\n<p class=\"hyperion-css-1shl3oz\" data-test-tag=\"lead-text\">Kanske hade vi fel, jag och n\u00e4stan alla andra. Kanske skiter Trump i Kina.<\/p>\n<p class=\"hyperion-css-1shl3oz\" data-test-tag=\"lead-text\">Det \u00e4r i s\u00e5 fall o\u00e4ndligt d\u00e5ligt f\u00f6r Europa.<\/p>\n<p class=\"hyperion-css-1v9qo5x\"><a data-test-tag=\"internal-link\" href=\"https:\/\/www.aftonbladet.se\/nyheter\/a\/yE0n3g\/en-enda-sak-forklarar-trumps-vansinnesdrag\" class=\"hyperion-css-15jkft9\" rel=\"nofollow noopener\" target=\"\" aria-label=\"N\u00e4r jag f\u00f6r snart ett \u00e5r sedan\">N\u00e4r jag f\u00f6r snart ett \u00e5r sedan<\/a> f\u00f6rs\u00f6kte f\u00f6rst\u00e5 Trumps agerande mot Ukraina s\u00e5g jag bara en rimlig f\u00f6rklaring:<\/p>\n<p class=\"hyperion-css-1v9qo5x\">Att han var p\u00e5 v\u00e4g att offra Ukraina f\u00f6r att v\u00e4rva Ryssland till sin sida i den globala maktkampen med <a data-test-tag=\"internal-link\" href=\"https:\/\/www.aftonbladet.se\/tagg\/kina\" class=\"hyperion-css-15jkft9\" rel=\"nofollow noopener\" target=\"\" aria-label=\"Kina\">Kina<\/a>.<\/p>\n<p class=\"hyperion-css-1v9qo5x\">Den republikanska utrikespolitikens \u201dtre stammar\u201d h\u00f6ll som b\u00e4st p\u00e5 att kriga om USA:s riktning.<\/p>\n<p>FAKTADe tre \u201dstammarna\u201d i republikansk utrikespolitik<\/p>\n<p class=\"hyperion-css-jonaf8\"><a aria-label=\"Grovt r\u00e4knat \" class=\"default hyperion-css-15jkft9\" href=\"https:\/\/ecfr.eu\/article\/polarised-power-the-three-republican-tribes-that-could-define-americas-relationship-with-the-world\/\" rel=\"noopener nofollow noreferrer\" data-test-tag=\"external-link\" target=\"_blank\">Grovt r\u00e4knat <\/a>finns tre l\u00e4ger:<\/p>\n<ul class=\"hyperion-css-e9gx76\" data-test-tag=\"list\">\n<li class=\"hyperion-css-1d843yr\">Primaterna, primacists, \u00e4r de traditionella republikanerna, som vill betona USA:s roll som supermakt, avskr\u00e4cka Ryssland och Kina samt bibeh\u00e5lla allianserna och USA:s milit\u00e4ra n\u00e4rvaro runt om i v\u00e4rlden, \u00e4ven om det kostar mycket pengar.<\/li>\n<li class=\"hyperion-css-1d843yr\">Prioriterarna, prioritizers, ser hotet fr\u00e5n Kina som det USA borde fokusera p\u00e5, och tror inte att USA:s resurser r\u00e4cker till att hantera alla andra kriser samtidigt. <\/li>\n<li class=\"hyperion-css-1d843yr\">\u00c5terh\u00e5llarna, restrainers, vill att USA blandar sig i s\u00e5 lite som m\u00f6jligt i v\u00e4rlden.<\/li>\n<\/ul>\n<p>L\u00e4s mer<\/p>\n<p class=\"hyperion-css-1v9qo5x\">Jag trodde att bilden av Kina som det stora hotet var s\u00e5 cementerad i Washington att \u201dprimaterna\u201d och \u201dprioriterarna\u201d tillsammans skulle kunna driva igenom en vridning mot stormaktskonkurrensen i Asien.<\/p>\n<p class=\"hyperion-css-1v9qo5x\">Jag var inte ensam. <\/p>\n<p class=\"hyperion-css-1v9qo5x\">De flesta politiker i b\u00e5de Sverige och Europa har de senaste \u00e5ren hummat p\u00e5 om USA:s vridning mot Asien som n\u00e4rmast \u00f6desbest\u00e4md, block\u00f6verskridande och strukturell. <\/p>\n<p class=\"hyperion-css-1v9qo5x\">Problemet f\u00f6r oss i Europa skulle i s\u00e5 fall vara ett amerikanskt maktvakuum som vi sj\u00e4lva m\u00e5ste kliva fram f\u00f6r att fylla. <\/p>\n<p class=\"hyperion-css-1v9qo5x\">Lagom och hanterbart, \u00e5tminstone p\u00e5 sikt.<\/p>\n<p class=\"hyperion-css-1v9qo5x\">USA:s<a aria-label=\" nya nationella s\u00e4kerhetsstrategi\" class=\"default hyperion-css-15jkft9\" href=\"https:\/\/www.whitehouse.gov\/wp-content\/uploads\/2025\/12\/2025-National-Security-Strategy.pdf\" rel=\"noopener nofollow noreferrer\" data-test-tag=\"external-link\" target=\"_blank\"> nya nationella s\u00e4kerhetsstrategi<\/a> som kom f\u00f6rra veckan sl\u00e5r upp d\u00f6rren p\u00e5 vid gavel f\u00f6r en mycket v\u00e4rre tolkning.<\/p>\n<p class=\"hyperion-css-1v9qo5x\">Att Kina inte alls \u00e4r prioriterat.<\/p>\n<p class=\"hyperion-css-1v9qo5x\">Att Trumps m\u00e5l i sj\u00e4lva verket \u00e4r ett helt annat.<\/p>\n<p class=\"hyperion-css-1v9qo5x\">Strategin v\u00e4ljer tydligt dominans i v\u00e4stra hemisf\u00e4ren framf\u00f6r inflytande i v\u00e4rlden.  <\/p>\n<p class=\"hyperion-css-1v9qo5x\">Den \u00e4r emot gammaldags amerikansk idealism, och f\u00f6r att h\u00e4nsynsl\u00f6st pungsl\u00e5 omv\u00e4rlden p\u00e5 s\u00e5 stora ekonomiska vinster det bara \u00e4r m\u00f6jligt.<\/p>\n<p class=\"hyperion-css-1v9qo5x\">Visserligen talar den om behovet att avskr\u00e4cka konflikt i v\u00e4stra Stilla havet, men av den analys som <a aria-label=\"2022 fick Nato att kalla Kina\" class=\"default hyperion-css-15jkft9\" href=\"https:\/\/www.nato.int\/content\/dam\/nato\/webready\/documents\/publications-and-reports\/strategic-concepts\/2022\/290622-strategic-concept.pdf\" rel=\"noopener nofollow noreferrer\" data-test-tag=\"external-link\" target=\"_blank\">2022 fick Nato att kalla Kina<\/a> ett hot mot \u201dv\u00e5ra intressen, s\u00e4kerhet och v\u00e4rderingar\u201d finns ingenting kvar.<\/p>\n<p class=\"hyperion-css-1v9qo5x\">Nu beskrivs mots\u00e4ttningen bara i ekonomiska termer.<\/p>\n<p class=\"hyperion-css-1v9qo5x\">Det talar emot att Kina st\u00e5r i fokus. <\/p>\n<p class=\"hyperion-css-1v9qo5x\">Det g\u00f6r \u00e4ven strategins mildare spr\u00e5k om Taiwan (f\u00f6rut var USA \u201demot\u201d att Kina tar \u00f6ver \u00f6n \u2013 nu heter att det att man \u201dinte st\u00f6djer\u201d det) och <a aria-label=\"det uppluckrade stoppet\" class=\"default hyperion-css-15jkft9\" href=\"https:\/\/www.cnbc.com\/2025\/12\/11\/trump-nvidia-china-chips-warren.html\" rel=\"noopener nofollow noreferrer\" data-test-tag=\"external-link\" target=\"_blank\">det uppluckrade stoppet<\/a> av chipf\u00f6rs\u00e4ljning till Kina.<\/p>\n<p class=\"hyperion-css-1v9qo5x\">Men det stora indiciet \u00e4r attackerna p\u00e5 Europa.<\/p>\n<p class=\"hyperion-css-1v9qo5x\"><a aria-label=\"I en f\u00f6rl\u00e4ngd, hemlig version\" class=\"default hyperion-css-15jkft9\" href=\"https:\/\/www.defenseone.com\/policy\/2025\/12\/make-europe-great-again-and-more-longer-version-national-security-strategy\/410038\/\" rel=\"noopener nofollow noreferrer\" data-test-tag=\"external-link\" target=\"_blank\">I en f\u00f6rl\u00e4ngd, hemlig version<\/a> av s\u00e4kerhetsstrategin uppges USA planera att s\u00e4rskilt rikta in sig p\u00e5 \u00d6sterrike, Ungern, Italien och Polen \u2013 med m\u00e5let att f\u00e5 dem att l\u00e4mna <a data-test-tag=\"internal-link\" href=\"https:\/\/www.aftonbladet.se\/tagg\/eu\" class=\"hyperion-css-15jkft9\" rel=\"nofollow noopener\" target=\"\" aria-label=\"EU\">EU<\/a>.<\/p>\n<p class=\"hyperion-css-1v9qo5x\">Trump-administrationen f\u00f6rnekar att den l\u00e4ngre versionen finns, men uppgifterna \u00e4r helt i linje med USA:s agenda. <\/p>\n<p class=\"hyperion-css-1v9qo5x\">I alla de fyra utpekade l\u00e4nderna finns regeringar eller betydande opinioner som \u00e4r positiva till Trumps projekt att g\u00f6ra Europa \u201dgreat again\u201d.<\/p>\n<p class=\"hyperion-css-1v9qo5x\">F\u00f6rsvarsministern Pete Hegseth <a aria-label=\"luftade h\u00e4romdagen liknande tankar\" class=\"default hyperion-css-15jkft9\" href=\"https:\/\/news.err.ee\/1609878883\/baltics-poland-to-receive-special-favor-from-us-war-secretary-hegseth-says\" rel=\"noopener nofollow noreferrer\" data-test-tag=\"external-link\" target=\"_blank\">luftade h\u00e4romdagen liknande tankar<\/a>: De l\u00e4nder som \u201dkliver fram\u201d ska f\u00e5 speciella f\u00f6rm\u00e5ner av USA \u2013 de som inte g\u00f6r det ska m\u00f6tas av \u201dkonsekvenser\u201d.<\/p>\n<p class=\"hyperion-css-1v9qo5x\">Att splittra EU \u00e4r logiskt <a data-test-tag=\"internal-link\" href=\"https:\/\/www.aftonbladet.se\/nyheter\/a\/WvLjMd\/budskapet-ar-tydligt-usa-ar-inte-var-van-langre\" class=\"hyperion-css-15jkft9\" rel=\"nofollow noopener\" target=\"\" aria-label=\"som ett led i en anti-liberal v\u00e4rldsomv\u00e4lvning\">som ett led i en anti-liberal v\u00e4rldsomv\u00e4lvning<\/a> och gynnar USA:s kortsiktiga ekonomiska egenintresse.<\/p>\n<p class=\"hyperion-css-1v9qo5x\">Det blir enklare att mobba, st\u00e4lla krav p\u00e5 och vinna handelskrig mot enskilda sm\u00e5stater i Europa var f\u00f6r sig, om vi inte \u00e4r samlade i ett betydligt mer kraftfullt EU. <\/p>\n<p class=\"hyperion-css-1v9qo5x\">Men om m\u00e5let \u00e4r att vinna \u00f6ver Kina \u00e4r strategin helt kontraproduktiv. <\/p>\n<p class=\"hyperion-css-1v9qo5x\">Visst, Trump skulle kanske kunna utpressa vissa l\u00e4nder att sluta upp p\u00e5 USA:s sida, och motarbeta Kina med tullar och exportkontroller.<\/p>\n<p class=\"hyperion-css-1v9qo5x\">Men i ett splittrat Europa \u00e4r de enskilda staterna vid\u00f6ppna \u00e4ven f\u00f6r kinesiska p\u00e5tryckningar. Kina drar sig inte f\u00f6r att anv\u00e4nda sin makt \u2013 det f\u00e5r <a aria-label=\"Japan uppleva just nu\" class=\"default hyperion-css-15jkft9\" href=\"https:\/\/www.japantimes.co.jp\/news\/2025\/12\/11\/japan\/politics\/japan-china-dispute-diplomacy\/\" rel=\"noopener nofollow noreferrer\" data-test-tag=\"external-link\" target=\"_blank\">Japan uppleva just nu<\/a>, Norge och Litauen har f\u00e5tt det tidigare. F\u00e5 av Europas l\u00e4nder skulle enskilt v\u00e5ga mucka med v\u00e4rldens realekonomiska supermakt. <\/p>\n<p class=\"hyperion-css-1v9qo5x\">USA har i dag ett stort \u00f6vertag mot Kina: <\/p>\n<p class=\"hyperion-css-1v9qo5x\">Sina allierade.<\/p>\n<p class=\"hyperion-css-1v9qo5x\">Utan v\u00e5ra marknader, fabriker, teknologier och v\u00e5rt politiska st\u00f6d st\u00e5r USA sig sl\u00e4tt. <\/p>\n<p class=\"hyperion-css-1v9qo5x\">Om m\u00e5let \u00e4r att begr\u00e4nsa Kinas makt \u00e4r strategin att splittra oss och \u201dodla motst\u00e5ndet mot Europas nuvarande kurs\u201d allts\u00e5 ett solklart sj\u00e4lvm\u00e5l.<\/p>\n<p class=\"hyperion-css-1v9qo5x\">Det kan vara s\u00e5 att g\u00e4nget runt Trump inte fattar det, eller att deras f\u00f6rm\u00e5ga att koppla orsak till verkan \u00e4r skakig.<\/p>\n<p class=\"hyperion-css-1v9qo5x\">Men Ockhams rakknivinfocloseOckhams rakknivOm det finns flera m\u00f6jliga f\u00f6rklaringar har den enklaste, som kr\u00e4ver minst antal antaganden, st\u00f6rst chans att vara sann.  antyder n\u00e5got annat: <\/p>\n<p class=\"hyperion-css-1v9qo5x\">Att USA:s fr\u00e4msta m\u00e5l faktiskt inte \u00e4r att kontra Kina, utan att inf\u00f6ra en illiberal, transaktionell, kleptokratisk v\u00e4rldsordning, d\u00e4r stormakternas diktatorer och autokrater i misst\u00e4nksam armkrok delar upp planeten mellan sig.<\/p>\n","protected":false},"excerpt":{"rendered":"share-arrowDela unsaveSpara expand-left helsk\u00e4rmDonald Trump. Foto: Alex Brandon\/AP De hemliga till\u00e4ggen i USA:s nya s\u00e4kerhetsstrategi \u00e4r \u00e4nnu ett&hellip;\n","protected":false},"author":2,"featured_media":104098,"comment_status":"","ping_status":"","sticky":false,"template":"","format":"standard","meta":{"footnotes":""},"categories":[5],"tags":[22,23,26,27,17,21,24,25,28,29,15,16,18,34,31,33,32,30,19,20],"class_list":{"0":"post-104097","1":"post","2":"type-post","3":"status-publish","4":"format-standard","5":"has-post-thumbnail","7":"category-rubriker","8":"tag-breaking-news","9":"tag-breakingnews","10":"tag-featured-news","11":"tag-featurednews","12":"tag-headlines","13":"tag-huvudnyheter","14":"tag-latest-news","15":"tag-latestnews","16":"tag-main-news","17":"tag-mainnews","18":"tag-news","19":"tag-nyheter","20":"tag-rubriker","21":"tag-se","22":"tag-svenska","23":"tag-sverige","24":"tag-sweden","25":"tag-swedish","26":"tag-top-stories","27":"tag-topstories"},"share_on_mastodon":{"url":"https:\/\/pubeurope.com\/@se\/115708633263817896","error":""},"_links":{"self":[{"href":"https:\/\/www.europesays.com\/se\/wp-json\/wp\/v2\/posts\/104097","targetHints":{"allow":["GET"]}}],"collection":[{"href":"https:\/\/www.europesays.com\/se\/wp-json\/wp\/v2\/posts"}],"about":[{"href":"https:\/\/www.europesays.com\/se\/wp-json\/wp\/v2\/types\/post"}],"author":[{"embeddable":true,"href":"https:\/\/www.europesays.com\/se\/wp-json\/wp\/v2\/users\/2"}],"replies":[{"embeddable":true,"href":"https:\/\/www.europesays.com\/se\/wp-json\/wp\/v2\/comments?post=104097"}],"version-history":[{"count":0,"href":"https:\/\/www.europesays.com\/se\/wp-json\/wp\/v2\/posts\/104097\/revisions"}],"wp:featuredmedia":[{"embeddable":true,"href":"https:\/\/www.europesays.com\/se\/wp-json\/wp\/v2\/media\/104098"}],"wp:attachment":[{"href":"https:\/\/www.europesays.com\/se\/wp-json\/wp\/v2\/media?parent=104097"}],"wp:term":[{"taxonomy":"category","embeddable":true,"href":"https:\/\/www.europesays.com\/se\/wp-json\/wp\/v2\/categories?post=104097"},{"taxonomy":"post_tag","embeddable":true,"href":"https:\/\/www.europesays.com\/se\/wp-json\/wp\/v2\/tags?post=104097"}],"curies":[{"name":"wp","href":"https:\/\/api.w.org\/{rel}","templated":true}]}}