{"id":104101,"date":"2025-12-12T21:12:16","date_gmt":"2025-12-12T21:12:16","guid":{"rendered":"https:\/\/www.europesays.com\/se\/104101\/"},"modified":"2025-12-12T21:12:16","modified_gmt":"2025-12-12T21:12:16","slug":"tagkaos-mellan-stockholm-och-uppsala","status":"publish","type":"post","link":"https:\/\/www.europesays.com\/se\/104101\/","title":{"rendered":"T\u00e5gkaos mellan Stockholm och Uppsala"},"content":{"rendered":"<p class=\"boxtextgrotesk-root_baa6 hyperion-css-7pajle\">Uppdaterad 18.36 | Publicerad 17.14<\/p>\n<p>share-arrowDela<\/p>\n<p>unsaveSpara<\/p>\n<p>expand-left<\/p>\n<p>helsk\u00e4rm<img decoding=\"async\" class=\"image-asset hyperion-css-u06ts1\" data-test-tag=\"image-asset\" src=\"https:\/\/www.europesays.com\/se\/wp-content\/uploads\/2025\/12\/f4e63f0f-5ee7-4c24-8342-aa1e4f501976\"  alt=\"\"  loading=\"eager\" fetchpriority=\"high\" style=\"aspect-ratio:1900 \/ 1704\"\/> Foto: Privat <\/p>\n<p class=\"hyperion-css-1shl3oz\" data-test-tag=\"lead-text\">Det \u00e4r varit stopp i t\u00e5gtrafiken mellan Uppsala och Stockholm.  <\/p>\n<p class=\"hyperion-css-1shl3oz\" data-test-tag=\"lead-text\">Nu riskerar Claes Nilsson att missa \u201dP\u00e5 Sp\u00e5ret\u201d. <\/p>\n<p class=\"hyperion-css-1shl3oz\" data-test-tag=\"lead-text\">\u2013 Jag sitter p\u00e5 ett iskallt t\u00e5g, s\u00e4ger han. <\/p>\n<p class=\"hyperion-css-1v9qo5x\">Sedan klockan 16.25 \u00e4r det kraftiga f\u00f6rseningar och inst\u00e4llda t\u00e5g mellan Uppsala och Stockholm. <\/p>\n<p class=\"hyperion-css-1v9qo5x\">Enligt SL beror det p\u00e5 en nedriven kontaktledning. <\/p>\n<p class=\"hyperion-css-1v9qo5x\">Claes Nilsson som var p\u00e5 v\u00e4g hem fr\u00e5n Uppsala sitter p\u00e5 ett pendelt\u00e5g som st\u00e5r still p\u00e5 en \u00e5ker utanf\u00f6r Arlanda. <\/p>\n<p class=\"hyperion-css-1v9qo5x\">\u2013 Informationen \u00e4r ju katastrofd\u00e5lig, s\u00e4ger han. <\/p>\n<p>Vill hem till \u201dP\u00e5 sp\u00e5ret\u201d<\/p>\n<p class=\"hyperion-css-1v9qo5x\"><strong>Har du n\u00e5gra fredagsplaner? <\/strong><\/p>\n<p class=\"hyperion-css-1v9qo5x\">\u2013  Det \u00e4r det vanliga med fredagsmiddag och s\u00e5nt d\u00e4r som man alltid vill komma i tid till.<\/p>\n<p class=\"hyperion-css-1v9qo5x\">Sedan hoppas han komma hem innan SVT-programmet  \u201dP\u00e5 sp\u00e5ret\u201d s\u00e4tter ig\u00e5ng vid klockan 20. <\/p>\n<p class=\"hyperion-css-1v9qo5x\">St\u00e4mningen p\u00e5 t\u00e5get \u00e4r d\u00e4mpad. De \u00f6vriga passagerare st\u00e5r och tittar i sina telefoner. <\/p>\n<p class=\"hyperion-css-1v9qo5x\">\u2013 Jag gjorde ocks\u00e5 det tills jag inte kunde sitta kvar l\u00e4ngre. Jag var tvungen att resa p\u00e5 mig, f\u00f6r benen b\u00f6rjade somna, s\u00e4ger Claes. <\/p>\n<p class=\"hyperion-css-1v9qo5x\">Ut\u00f6ver pendelt\u00e5g och fj\u00e4rrt\u00e5g p\u00e5verkade det \u00e4ven avg\u00e5ngar med Arlanda Express. <\/p>\n<p class=\"hyperion-css-1v9qo5x\">Vid 17.35 ska trafiken vara ig\u00e5ng igen. <\/p>\n","protected":false},"excerpt":{"rendered":"Uppdaterad 18.36 | Publicerad 17.14 share-arrowDela unsaveSpara expand-left helsk\u00e4rm Foto: Privat Det \u00e4r varit stopp i t\u00e5gtrafiken mellan&hellip;\n","protected":false},"author":2,"featured_media":104102,"comment_status":"","ping_status":"","sticky":false,"template":"","format":"standard","meta":{"footnotes":""},"categories":[12],"tags":[22,23,26,27,17,21,24,25,28,29,15,16,18,34,31,33,32,30,19,20],"class_list":{"0":"post-104101","1":"post","2":"type-post","3":"status-publish","4":"format-standard","5":"has-post-thumbnail","7":"category-sverige","8":"tag-breaking-news","9":"tag-breakingnews","10":"tag-featured-news","11":"tag-featurednews","12":"tag-headlines","13":"tag-huvudnyheter","14":"tag-latest-news","15":"tag-latestnews","16":"tag-main-news","17":"tag-mainnews","18":"tag-news","19":"tag-nyheter","20":"tag-rubriker","21":"tag-se","22":"tag-svenska","23":"tag-sverige","24":"tag-sweden","25":"tag-swedish","26":"tag-top-stories","27":"tag-topstories"},"share_on_mastodon":{"url":"https:\/\/pubeurope.com\/@se\/115708660756844791","error":""},"_links":{"self":[{"href":"https:\/\/www.europesays.com\/se\/wp-json\/wp\/v2\/posts\/104101","targetHints":{"allow":["GET"]}}],"collection":[{"href":"https:\/\/www.europesays.com\/se\/wp-json\/wp\/v2\/posts"}],"about":[{"href":"https:\/\/www.europesays.com\/se\/wp-json\/wp\/v2\/types\/post"}],"author":[{"embeddable":true,"href":"https:\/\/www.europesays.com\/se\/wp-json\/wp\/v2\/users\/2"}],"replies":[{"embeddable":true,"href":"https:\/\/www.europesays.com\/se\/wp-json\/wp\/v2\/comments?post=104101"}],"version-history":[{"count":0,"href":"https:\/\/www.europesays.com\/se\/wp-json\/wp\/v2\/posts\/104101\/revisions"}],"wp:featuredmedia":[{"embeddable":true,"href":"https:\/\/www.europesays.com\/se\/wp-json\/wp\/v2\/media\/104102"}],"wp:attachment":[{"href":"https:\/\/www.europesays.com\/se\/wp-json\/wp\/v2\/media?parent=104101"}],"wp:term":[{"taxonomy":"category","embeddable":true,"href":"https:\/\/www.europesays.com\/se\/wp-json\/wp\/v2\/categories?post=104101"},{"taxonomy":"post_tag","embeddable":true,"href":"https:\/\/www.europesays.com\/se\/wp-json\/wp\/v2\/tags?post=104101"}],"curies":[{"name":"wp","href":"https:\/\/api.w.org\/{rel}","templated":true}]}}