{"id":104105,"date":"2025-12-12T21:18:28","date_gmt":"2025-12-12T21:18:28","guid":{"rendered":"https:\/\/www.europesays.com\/se\/104105\/"},"modified":"2025-12-12T21:18:28","modified_gmt":"2025-12-12T21:18:28","slug":"pourmokhtari-glads-at-nya-tullavgiften-viktigt","status":"publish","type":"post","link":"https:\/\/www.europesays.com\/se\/104105\/","title":{"rendered":"Pourmokhtari gl\u00e4ds \u00e5t nya tullavgiften: \u201dViktigt\u201d"},"content":{"rendered":"<p>Sveriges klimat- och milj\u00f6minister Romina Pourmokhtari (L) \u00e4r glad \u00f6ver att det ska inf\u00f6ras en tull f\u00f6r mindre paket som best\u00e4lls fr\u00e5n l\u00e4nder utanf\u00f6r EU. Beskedet inneb\u00e4r bland annat att det blir sv\u00e5rare och dyrare att best\u00e4lla fr\u00e5n sajter som Shein och Temu. <\/p>\n<p>\u201dDet h\u00e4r \u00e4r ett viktigt besked fr\u00e5n EU som Sverige i allra h\u00f6gsta grad har drivit p\u00e5 f\u00f6r\u201d, skriver hon i en kommentar till Omni. <\/p>\n<p>Hon uppmanar ocks\u00e5 m\u00e4nniskor att avst\u00e5 fr\u00e5n att k\u00f6pa \u201dgiftiga och milj\u00f6farliga prylar fr\u00e5n l\u00e5gprissajter\u201d. <\/p>\n<p>Omni \u00e4r politiskt obundna och oberoende. Vi str\u00e4var efter att ge fler perspektiv p\u00e5 nyheterna. Har du fr\u00e5gor eller synpunkter kring v\u00e5r rapportering? <a href=\"https:\/\/omni.se\/pourmokhtari-glads-at-nya-tullavgiften-viktigt\/a\/mailto:redaktion@omni.se\" class=\"ArticleActions_contactLink__W2F1M\" rel=\"nofollow noopener\" target=\"_blank\">Kontakta redaktionen<\/a><\/p>\n","protected":false},"excerpt":{"rendered":"Sveriges klimat- och milj\u00f6minister Romina Pourmokhtari (L) \u00e4r glad \u00f6ver att det ska inf\u00f6ras en tull f\u00f6r mindre&hellip;\n","protected":false},"author":2,"featured_media":104106,"comment_status":"","ping_status":"","sticky":false,"template":"","format":"standard","meta":{"footnotes":""},"categories":[65],"tags":[72,1674,70,71,73,3740,34,4553,31,33,32,30,4552],"class_list":{"0":"post-104105","1":"post","2":"type-post","3":"status-publish","4":"format-standard","5":"has-post-thumbnail","7":"category-ekonomi","8":"tag-business","9":"tag-e-handel","10":"tag-economy","11":"tag-ekonomi","12":"tag-eu","13":"tag-romina-pourmokhtari","14":"tag-se","15":"tag-shein","16":"tag-svenska","17":"tag-sverige","18":"tag-sweden","19":"tag-swedish","20":"tag-temu"},"share_on_mastodon":{"url":"https:\/\/pubeurope.com\/@se\/115708684102857462","error":""},"_links":{"self":[{"href":"https:\/\/www.europesays.com\/se\/wp-json\/wp\/v2\/posts\/104105","targetHints":{"allow":["GET"]}}],"collection":[{"href":"https:\/\/www.europesays.com\/se\/wp-json\/wp\/v2\/posts"}],"about":[{"href":"https:\/\/www.europesays.com\/se\/wp-json\/wp\/v2\/types\/post"}],"author":[{"embeddable":true,"href":"https:\/\/www.europesays.com\/se\/wp-json\/wp\/v2\/users\/2"}],"replies":[{"embeddable":true,"href":"https:\/\/www.europesays.com\/se\/wp-json\/wp\/v2\/comments?post=104105"}],"version-history":[{"count":0,"href":"https:\/\/www.europesays.com\/se\/wp-json\/wp\/v2\/posts\/104105\/revisions"}],"wp:featuredmedia":[{"embeddable":true,"href":"https:\/\/www.europesays.com\/se\/wp-json\/wp\/v2\/media\/104106"}],"wp:attachment":[{"href":"https:\/\/www.europesays.com\/se\/wp-json\/wp\/v2\/media?parent=104105"}],"wp:term":[{"taxonomy":"category","embeddable":true,"href":"https:\/\/www.europesays.com\/se\/wp-json\/wp\/v2\/categories?post=104105"},{"taxonomy":"post_tag","embeddable":true,"href":"https:\/\/www.europesays.com\/se\/wp-json\/wp\/v2\/tags?post=104105"}],"curies":[{"name":"wp","href":"https:\/\/api.w.org\/{rel}","templated":true}]}}