{"id":104107,"date":"2025-12-12T21:20:52","date_gmt":"2025-12-12T21:20:52","guid":{"rendered":"https:\/\/www.europesays.com\/se\/104107\/"},"modified":"2025-12-12T21:20:52","modified_gmt":"2025-12-12T21:20:52","slug":"sluta-blunda-for-svts-vansterlutning","status":"publish","type":"post","link":"https:\/\/www.europesays.com\/se\/104107\/","title":{"rendered":"Sluta blunda f\u00f6r SVT:s v\u00e4nsterlutning"},"content":{"rendered":"<p>Publicerad 12 dec 2025 kl 06.00<\/p>\n<p>Public service ska vara till f\u00f6r alla, inte bara f\u00f6r er i den urbana bubblan och f\u00f6rtroendem\u00e4tningarna talar sitt tydliga spr\u00e5k.<\/p>\n<p>Det \u00e4r ingen slump att f\u00f6rtroendet f\u00f6r public service \u00e4r h\u00f6gre p\u00e5 v\u00e4nstersidan, skriver SD.<\/p>\n<p><img   alt=\"\"\/><\/p>\n<p>\u201dI dag har v\u00e4nsterv\u00e4ljare ett skyh\u00f6gt f\u00f6rtroende f\u00f6r SVT\u201d, skriver SD.<\/p>\n<p>Foto: SVEN LINDWALL<\/p>\n<p>\u00d6ppna bild i helsk\u00e4rm<img loading=\"lazy\"   alt=\"\"\/><\/p>\n<p>Alexander Christiansson (SD),<br \/>\nkulturpolitisk talesperson.<\/p>\n<p>Foto: SVERIGEDEMOKRATERNA<\/p>\n<p>\u00d6ppna bild i helsk\u00e4rm<\/p>\n<p>Detta \u00e4r en debattartikel. Det \u00e4r skribenten som st\u00e5r f\u00f6r \u00e5sikterna i texten.&#13;<br \/>\n&#13;\n<\/p>\n<p><strong>REPLIK.<\/strong> <a href=\"https:\/\/www.expressen.se\/debatt\/debatt-varfor-ser-ni-svt-som-ett-hot-sd\/\" rel=\"nofollow noopener\" target=\"_blank\">Malin Danielsson (L), vice ordf\u00f6rande i kulturutskottet, tar till stora ord<\/a> om demokrati och arml\u00e4ngds avst\u00e5nd. Som om <a href=\"https:\/\/www.expressen.se\/debatt\/debatt-efter-missarna-stall-svt-till-svars\/\" rel=\"nofollow noopener\" target=\"_blank\">SD:s f\u00f6rslag<\/a> att bjuda in <a href=\"https:\/\/www.expressen.se\/tagg\/organization\/svt\/\" class=\"\" rel=\"nofollow noopener\" target=\"_blank\">SVT<\/a> f\u00f6r en \u00f6ppen diskussion skulle vara ett steg mot diktatur. Ni liberaler verkar tro att allt annat \u00e4n att appl\u00e5dera public service \u00e4r ett angrepp p\u00e5 friheten.\u00a0<\/p>\n<p>L\u00e5t oss prata klarspr\u00e5k \u2013 det som m\u00f6jligen hotar demokratin \u00e4r att ignorera det uppenbara \u2013 bristen p\u00e5 transparens i all skattefinansierad verksamhet underbygger f\u00f6rtroendet bland befolkningen.\u00a0<\/p>\n<p>Public service ska vara till f\u00f6r alla, inte bara f\u00f6r er i den urbana bubblan och f\u00f6rtroendem\u00e4tningarna talar sitt tydliga spr\u00e5k. I dag har v\u00e4nsterv\u00e4ljare ett skyh\u00f6gt f\u00f6rtroende f\u00f6r SVT: 86 procent bland V-sympatis\u00f6rer, 82 procent bland MP och S, 87 procent bland C. Men titta p\u00e5 h\u00f6gersidan: Bara 59 procent bland M, 44 procent bland KD och 25 procent bland SD.\u00a0<\/p>\n<p>I st\u00e4llet f\u00f6r att stoppa huvudet i sanden och blunda f\u00f6r att denna klyfta faktiskt v\u00e4xer \u00e4r dialog, transparens och \u00f6ppenhet det som beh\u00f6vs f\u00f6r att minska polariseringen. Fr\u00e5gan om opartiskhet \u00e4r relevant och SVT \u00e4r skyldig sina \u00e4gare, skattebetalarna, svar p\u00e5 fr\u00e5gan om hur de ska s\u00e4kerst\u00e4lla en opartisk valr\u00f6relse.\u00a0<\/p>\n<p><img loading=\"lazy\"   alt=\"\"\/><\/p>\n<p>\u201dL\u00e5t SVT svara p\u00e5 fr\u00e5gan, det \u00e4r vad medborgarna f\u00f6rtj\u00e4nar\u201d, skriver SD.<\/p>\n<p>Foto: JEPPE GUSTAFSSON \/ SHUTTERSTOCK<\/p>\n<p>\u00d6ppna bild i helsk\u00e4rm<\/p>\n<p>Inte minst med tanke p\u00e5 att SVT ertappats med att sprida desinformation den sista tiden. Ni pratar om arml\u00e4ngds avst\u00e5nd, men det g\u00e5r inte att fr\u00e5ns\u00e4ga sig ansvar i egenskap av skattefinansierad verksamhet gentemot oss som folkvalda spr\u00e5kr\u00f6r f\u00f6r v\u00e4ljarna, det vore orimligt. SD:s inbjudan till utskottet \u00e4r ingen h\u00e4xjakt eller ambition om uppstr\u00e4ckningssamtal, det \u00e4r en chans f\u00f6r SVT att f\u00f6rklara hur de planerar att s\u00e4kerst\u00e4lla kravet om opartiskhet.\u00a0<\/p>\n<p>Vilka \u00e5tg\u00e4rder ska till f\u00f6r att bredda f\u00f6rtroendet f\u00f6r SVT efter de senaste skandalerna? Det hade snarare st\u00e4rkt f\u00f6rtroendet hos alla medborgare, oavsett politisk hemvist. Att vilja ha en \u00f6ppen dialog som visar att SVT tar allm\u00e4nhetens kritik p\u00e5 allvar \u00e4r fullt rimligt.\u00a0<\/p>\n<p>Liberalerna och alla andra partier r\u00f6stade ner v\u00e5r \u00f6nskan att f\u00e5 dessa svar och det \u00e4r enbart kontraproduktivt och tragiskt. Det \u00e4r beklagligt och det v\u00e4cker fr\u00e5gan om varf\u00f6r denna \u00e4ngslighet finns bland svenska politiker. \u00c4r det en r\u00e4dsla f\u00f6r vad v\u00e4nsteretablissemanget ska ha f\u00f6r \u00e5sikter? I st\u00e4llet f\u00f6r att ta ansvar s\u00e5 g\u00f6mmer ni er bakom fina fraser om pressfrihet och arml\u00e4ngds avst\u00e5nd, men i verkligheten bidrar ert beteende till ett polariserat samh\u00e4lle.<\/p>\n<p>Om ni verkligen bryr er om demokratin s\u00e5 borde ni i st\u00e4llet verka f\u00f6r \u00f6ppenhet och transparens. L\u00e5t SVT svara p\u00e5 fr\u00e5gan, det \u00e4r vad medborgarna f\u00f6rtj\u00e4nar.<\/p>\n<p><strong>Av Alexander Christiansson (SD)<\/strong><\/p>\n<p>kulturpolitisk talesperson<\/p>\n","protected":false},"excerpt":{"rendered":"Publicerad 12 dec 2025 kl 06.00 Public service ska vara till f\u00f6r alla, inte bara f\u00f6r er i&hellip;\n","protected":false},"author":2,"featured_media":104108,"comment_status":"","ping_status":"","sticky":false,"template":"","format":"standard","meta":{"footnotes":""},"categories":[12],"tags":[22,23,26,27,17,21,24,25,28,29,15,16,618,40,361,18,34,31,33,32,30,19,20],"class_list":{"0":"post-104107","1":"post","2":"type-post","3":"status-publish","4":"format-standard","5":"has-post-thumbnail","7":"category-sverige","8":"tag-breaking-news","9":"tag-breakingnews","10":"tag-featured-news","11":"tag-featurednews","12":"tag-headlines","13":"tag-huvudnyheter","14":"tag-latest-news","15":"tag-latestnews","16":"tag-main-news","17":"tag-mainnews","18":"tag-news","19":"tag-nyheter","20":"tag-organization-liberalerna","21":"tag-organization-miljopartiet","22":"tag-organization-svt","23":"tag-rubriker","24":"tag-se","25":"tag-svenska","26":"tag-sverige","27":"tag-sweden","28":"tag-swedish","29":"tag-top-stories","30":"tag-topstories"},"share_on_mastodon":{"url":"https:\/\/pubeurope.com\/@se\/115708695891950536","error":""},"_links":{"self":[{"href":"https:\/\/www.europesays.com\/se\/wp-json\/wp\/v2\/posts\/104107","targetHints":{"allow":["GET"]}}],"collection":[{"href":"https:\/\/www.europesays.com\/se\/wp-json\/wp\/v2\/posts"}],"about":[{"href":"https:\/\/www.europesays.com\/se\/wp-json\/wp\/v2\/types\/post"}],"author":[{"embeddable":true,"href":"https:\/\/www.europesays.com\/se\/wp-json\/wp\/v2\/users\/2"}],"replies":[{"embeddable":true,"href":"https:\/\/www.europesays.com\/se\/wp-json\/wp\/v2\/comments?post=104107"}],"version-history":[{"count":0,"href":"https:\/\/www.europesays.com\/se\/wp-json\/wp\/v2\/posts\/104107\/revisions"}],"wp:featuredmedia":[{"embeddable":true,"href":"https:\/\/www.europesays.com\/se\/wp-json\/wp\/v2\/media\/104108"}],"wp:attachment":[{"href":"https:\/\/www.europesays.com\/se\/wp-json\/wp\/v2\/media?parent=104107"}],"wp:term":[{"taxonomy":"category","embeddable":true,"href":"https:\/\/www.europesays.com\/se\/wp-json\/wp\/v2\/categories?post=104107"},{"taxonomy":"post_tag","embeddable":true,"href":"https:\/\/www.europesays.com\/se\/wp-json\/wp\/v2\/tags?post=104107"}],"curies":[{"name":"wp","href":"https:\/\/api.w.org\/{rel}","templated":true}]}}