{"id":104125,"date":"2025-12-12T21:46:11","date_gmt":"2025-12-12T21:46:11","guid":{"rendered":"https:\/\/www.europesays.com\/se\/104125\/"},"modified":"2025-12-12T21:46:11","modified_gmt":"2025-12-12T21:46:11","slug":"goda-nyheter-drar-ner-pa-behandlingen","status":"publish","type":"post","link":"https:\/\/www.europesays.com\/se\/104125\/","title":{"rendered":"Goda nyheter \u2013 drar ner p\u00e5 behandlingen"},"content":{"rendered":"<p>Storbritanniens kung Charles kommer fr\u00e5n och med n\u00e4sta \u00e5r trappa ner cancerbehandlingen som han genomg\u00e5r, s\u00e4ger han i ett f\u00f6rinspelat tal som s\u00e4nts i brittisk tv och som kungahuset publicerat p\u00e5 X. <\/p>\n<p>Charles kallar det f\u00f6r goda nyheter, och \u00e4r glad f\u00f6r att han fick sin diagnos i ett tidigt skede. <\/p>\n<p>\u2013 Det r\u00e4ddar helt enkelt liv. <\/p>\n<p>Omni \u00e4r politiskt obundna och oberoende. Vi str\u00e4var efter att ge fler perspektiv p\u00e5 nyheterna. Har du fr\u00e5gor eller synpunkter kring v\u00e5r rapportering? <a href=\"https:\/\/omni.se\/kung-charles-goda-nyheter-drar-ner-pa-behandlingen\/a\/mailto:redaktion@omni.se\" class=\"ArticleActions_contactLink__W2F1M\" rel=\"nofollow noopener\" target=\"_blank\">Kontakta redaktionen<\/a><\/p>\n","protected":false},"excerpt":{"rendered":"Storbritanniens kung Charles kommer fr\u00e5n och med n\u00e4sta \u00e5r trappa ner cancerbehandlingen som han genomg\u00e5r, s\u00e4ger han i&hellip;\n","protected":false},"author":2,"featured_media":104126,"comment_status":"","ping_status":"","sticky":false,"template":"","format":"standard","meta":{"footnotes":""},"categories":[5],"tags":[22,23,2171,267,26,27,17,21,5519,24,25,28,29,15,16,18,34,593,31,33,32,30,19,20],"class_list":{"0":"post-104125","1":"post","2":"type-post","3":"status-publish","4":"format-standard","5":"has-post-thumbnail","7":"category-rubriker","8":"tag-breaking-news","9":"tag-breakingnews","10":"tag-brittiska-kungahuset","11":"tag-europa","12":"tag-featured-news","13":"tag-featurednews","14":"tag-headlines","15":"tag-huvudnyheter","16":"tag-kung-charles-iii","17":"tag-latest-news","18":"tag-latestnews","19":"tag-main-news","20":"tag-mainnews","21":"tag-news","22":"tag-nyheter","23":"tag-rubriker","24":"tag-se","25":"tag-storbritannien","26":"tag-svenska","27":"tag-sverige","28":"tag-sweden","29":"tag-swedish","30":"tag-top-stories","31":"tag-topstories"},"share_on_mastodon":{"url":"https:\/\/pubeurope.com\/@se\/115708794205570069","error":""},"_links":{"self":[{"href":"https:\/\/www.europesays.com\/se\/wp-json\/wp\/v2\/posts\/104125","targetHints":{"allow":["GET"]}}],"collection":[{"href":"https:\/\/www.europesays.com\/se\/wp-json\/wp\/v2\/posts"}],"about":[{"href":"https:\/\/www.europesays.com\/se\/wp-json\/wp\/v2\/types\/post"}],"author":[{"embeddable":true,"href":"https:\/\/www.europesays.com\/se\/wp-json\/wp\/v2\/users\/2"}],"replies":[{"embeddable":true,"href":"https:\/\/www.europesays.com\/se\/wp-json\/wp\/v2\/comments?post=104125"}],"version-history":[{"count":0,"href":"https:\/\/www.europesays.com\/se\/wp-json\/wp\/v2\/posts\/104125\/revisions"}],"wp:featuredmedia":[{"embeddable":true,"href":"https:\/\/www.europesays.com\/se\/wp-json\/wp\/v2\/media\/104126"}],"wp:attachment":[{"href":"https:\/\/www.europesays.com\/se\/wp-json\/wp\/v2\/media?parent=104125"}],"wp:term":[{"taxonomy":"category","embeddable":true,"href":"https:\/\/www.europesays.com\/se\/wp-json\/wp\/v2\/categories?post=104125"},{"taxonomy":"post_tag","embeddable":true,"href":"https:\/\/www.europesays.com\/se\/wp-json\/wp\/v2\/tags?post=104125"}],"curies":[{"name":"wp","href":"https:\/\/api.w.org\/{rel}","templated":true}]}}