{"id":104140,"date":"2025-12-12T22:12:35","date_gmt":"2025-12-12T22:12:35","guid":{"rendered":"https:\/\/www.europesays.com\/se\/104140\/"},"modified":"2025-12-12T22:12:35","modified_gmt":"2025-12-12T22:12:35","slug":"sannfinlandska-politiker-tar-strid-for-ex-miss-finland-publicerar-bilder-med-stretchade-ogon-inrikes","status":"publish","type":"post","link":"https:\/\/www.europesays.com\/se\/104140\/","title":{"rendered":"Sannfinl\u00e4ndska politiker tar strid f\u00f6r ex-Miss Finland \u2013 publicerar bilder med stretchade \u00f6gon | Inrikes"},"content":{"rendered":"<p class=\"aw-1gybjub aw-1p7kakr kEtdKx cEmitX yle__article__paragraph\">Sannfinl\u00e4ndarnas riksdagsledamot <strong class=\"aw-ak79eh KyCXm yle__article__strong\">Juho Eerola<\/strong> publicerade p\u00e5 torsdagskv\u00e4llen en bild d\u00e4r han imiterar kinesiska \u00f6gon genom att dra ut sina \u00f6gon \u00e5t sidorna, enligt egen utsago f\u00f6r att uttrycka sitt st\u00f6d f\u00f6r <strong class=\"aw-ak79eh KyCXm yle__article__strong\">Sarah Dzafce<\/strong>, som har mist sin titel som \u00e5rets Miss Finland <a class=\"aw-iao6s4 iHOxEa yle__article__link\" href=\"https:\/\/yle.fi\/a\/7-10089828\" role=\"link\" rel=\"nofollow noopener\" target=\"_blank\">p\u00e5 grund av en liknande bild<\/a>.<\/p>\n<p class=\"aw-1gybjub aw-1p7kakr kEtdKx cEmitX yle__article__paragraph\">\u00c4ven tv\u00e5 andra sannfinl\u00e4ndska politiker, Europaparlamentariker <strong class=\"aw-ak79eh KyCXm yle__article__strong\">Sebastian<\/strong> <strong class=\"aw-ak79eh KyCXm yle__article__strong\">Tynkkynen<\/strong> och riksdagsledamot <strong class=\"aw-ak79eh KyCXm yle__article__strong\">Kaisa Garedew<\/strong>, har publicerat liknande bildmaterial p\u00e5 sociala medier.<\/p>\n<p class=\"aw-1gybjub aw-1p7kakr kEtdKx cEmitX yle__article__paragraph\">Tynkkynen kommenterar direkt det han <a class=\"aw-iao6s4 iHOxEa yle__article__link\" href=\"https:\/\/www.tiktok.com\/@sebastiantynkkynen\/video\/7582652319469227267\" role=\"link\" rel=\"nofollow noopener\" target=\"_blank\">p\u00e5 Tiktok<\/a> beskriver som \u201dcancelleringen av Miss Finland\u201d.<\/p>\n<p class=\"aw-1gybjub aw-1p7kakr kEtdKx cEmitX yle__article__paragraph\">P\u00e5 en video som har en \u00f6gonstretchbild av Tynkkynen som sk\u00e4rmbild ondg\u00f6r han sig \u00f6ver att Dzafce miste titeln Miss Finland p\u00e5 grund av n\u00e5got som p\u00e5st\u00e5s vara rasistiskt.<\/p>\n<p class=\"aw-1gybjub aw-1p7kakr kEtdKx cEmitX yle__article__paragraph\">Influeraren <strong class=\"aw-ak79eh KyCXm yle__article__strong\">Gideon Hagstr\u00f6m<\/strong> har sagt <a class=\"aw-iao6s4 iHOxEa yle__article__link\" href=\"https:\/\/yle.fi\/a\/7-10089861\" role=\"link\" rel=\"nofollow noopener\" target=\"_blank\">till Svenska Yle<\/a> att han \u00e4r kritisk till hur Miss Finland-organisationen hanterade situationen i b\u00f6rjan och att det bidrar till normalisering av rasism mot asiater att inte s\u00e4ga ifr\u00e5n i ett tidigt skede.<\/p>\n<p class=\"aw-1gybjub aw-1p7kakr kEtdKx cEmitX yle__article__paragraph\">Tynkkynen s\u00e4ger i sin tur p\u00e5 sin Tiktokvideo att han sj\u00e4lv \u00e4r gjord av teflon, s\u00e5 han kan inte cancelleras, och att han d\u00e4rf\u00f6r kan visa vad det handlar om.<\/p>\n<p class=\"aw-1gybjub aw-1p7kakr kEtdKx cEmitX yle__article__paragraph\">\u2013 Hon gjorde s\u00e5 h\u00e4r, s\u00e4ger Tynkkynen och drar i sina \u00f6gon.<\/p>\n<p class=\"aw-1gybjub aw-1p7kakr kEtdKx cEmitX yle__article__paragraph\">\u2013 Det \u00e4r n\u00e5got som n\u00e4stan vem som helst g\u00f6r, kanske inte alltid offentligt, men n\u00e5gon g\u00e5ng n\u00e4r man firar kv\u00e4ll. Man kl\u00e4r ut sig till n\u00e5got, man spelar n\u00e5got och s\u00e5 vidare.<\/p>\n<p class=\"aw-1gybjub aw-1p7kakr kEtdKx cEmitX yle__article__paragraph\">I resten av videon f\u00f6rsvarar Tynkkynen r\u00e4tten att sk\u00e4mta om stereotypier och hur folk ser ut.<\/p>\n<p class=\"aw-1gybjub aw-1p7kakr kEtdKx cEmitX yle__article__paragraph\">\u2013 Jag anser att vi alla borde t\u00e5la s\u00e5dant h\u00e4r, helt oberoende av vem vi \u00e4r och hurdana vi \u00e4r. Att det finns humor i v\u00e4rlden g\u00f6r den inte s\u00e4mre, utan b\u00e4ttre.<\/p>\n<p>\u201dJe suis Sarah\u201d<\/p>\n<p class=\"aw-1gybjub aw-1p7kakr kEtdKx cEmitX yle__article__paragraph\">Juho Eerola publicerade sin \u00f6gonstretchbild som profilbild p\u00e5 Facebook, vilket inneb\u00e4r att den \u00e4r offentlig och d\u00e4rmed tillg\u00e4nglig f\u00f6r alla som finns p\u00e5 Facebook, vare sig de \u00e4r FB-v\u00e4nner med honom eller inte.<\/p>\n<p><img decoding=\"async\" alt=\"Riksdagsledamot Juho Eerolas profilbild p\u00e5 Facebook. &quot;Jag \u00e4r Sarah&quot; skriver Eerola i samband med profilbildsbytet.\" src=\"https:\/\/www.europesays.com\/se\/wp-content\/uploads\/2025\/12\/39-1568422693bb945a30fa.jpeg\" loading=\"lazy\" class=\"aw-1l9m598 hKVVvP\"\/><\/p>\n<p>\u00d6ppna bildvisare<\/p>\n<p>Juho Eerola bytte profilbild den 11 december.  Bild: Sk\u00e4rmdump, Juho Eerolas Facebooksida<\/p>\n<p class=\"aw-1gybjub aw-1p7kakr kEtdKx cEmitX yle__article__paragraph\">Sedan <a class=\"aw-iao6s4 iHOxEa yle__article__link\" href=\"https:\/\/yle.fi\/a\/7-871445\" role=\"link\" rel=\"nofollow noopener\" target=\"_blank\">attacken<\/a> mot den franska satirtidningen Charlie Hebdos redaktion 2015 har det p\u00e5 sociala medier varit kutym att uttrycka solidaritet med n\u00e5gon med de franska orden Je suis, Jag \u00e4r, f\u00f6ljt av ett namn.<\/p>\n<p class=\"aw-1gybjub aw-1p7kakr kEtdKx cEmitX yle__article__paragraph\">I samband med profilbildsbytet skriver Eerola \u201dJe suis Sarah!\u201d, Jag \u00e4r Sarah, vilket tydligt kopplar samman bilden med uppst\u00e5ndelsen kring Sarah Dzafce.<\/p>\n<p class=\"aw-1gybjub aw-1p7kakr kEtdKx cEmitX yle__article__paragraph\">Den sannfinl\u00e4ndska riksdagsgruppens ordf\u00f6rande <strong class=\"aw-ak79eh KyCXm yle__article__strong\">Jani M\u00e4kel\u00e4<\/strong> har p\u00e5 <a class=\"aw-iao6s4 iHOxEa yle__article__link\" href=\"https:\/\/x.com\/JaniMakelaFi\/status\/1999348625395388587\" role=\"link\" rel=\"nofollow\">plattformen X<\/a> konstaterat att Eerola har hans fulla st\u00f6d.<\/p>\n<p>\u201dOm det d\u00e4r \u00e4r rasism s\u00e5 \u00e4r snart allt rasism hos oss\u201d<\/p>\n<p class=\"aw-1gybjub aw-1p7kakr kEtdKx cEmitX yle__article__paragraph\"><a class=\"aw-iao6s4 iHOxEa yle__article__link\" href=\"https:\/\/yle.fi\/a\/74-20199322\" role=\"link\" rel=\"nofollow noopener\" target=\"_blank\">Yle Uutiset<\/a> har talat med Juho Eerola p\u00e5 flygf\u00e4ltet i Bryssel.<\/p>\n<p class=\"aw-1gybjub aw-1p7kakr kEtdKx cEmitX yle__article__paragraph\"><strong class=\"aw-ak79eh KyCXm yle__article__strong\">Varf\u00f6r publicerade du den h\u00e4r bilden?<\/strong><\/p>\n<p class=\"aw-1gybjub aw-1p7kakr kEtdKx cEmitX yle__article__paragraph\">\u2013 F\u00f6r skojs skull. Jag brukar ganska ofta byta profilbild p\u00e5 Facebook.<\/p>\n<p class=\"aw-1gybjub aw-1p7kakr kEtdKx cEmitX yle__article__paragraph\"><strong class=\"aw-ak79eh KyCXm yle__article__strong\">En s\u00e5dan bild anses allm\u00e4nt vara rasistisk. Hur kommenterar du det?<\/strong><\/p>\n<p class=\"aw-1gybjub aw-1p7kakr kEtdKx cEmitX yle__article__paragraph\">\u2013 En del g\u00f6r det, men min syn \u00e4r att den inte allm\u00e4nt anses vara rasistisk. Jag fick huvudv\u00e4rk p\u00e5 ett m\u00f6te. Miss Finland gav mig ett bra tips om hur man kan lindra huvudv\u00e4rk. Det \u00e4r vad bilden h\u00e4nvisar till.<\/p>\n<p><img decoding=\"async\" alt=\"En \u00e4ldre kvinna st\u00e5r mellan en blond kvinna med Miss Finland-band \u00f6ver axel och brunett utan band och tiara.\" src=\"https:\/\/www.europesays.com\/se\/wp-content\/uploads\/2025\/12\/39-1567985693a9df230477.jpeg\" loading=\"lazy\" class=\"aw-1l9m598 hKVVvP\"\/><\/p>\n<p>\u00d6ppna bildvisare<\/p>\n<p>Miss Finland-t\u00e4vlingens vd Sunneva Sj\u00f6gren tillsammans med den nya Miss Finland Tara Lehtonen och Sarah Dzafce som tvingades avst\u00e5 fr\u00e5n titeln. Bild: Emmi Korhonen \/ Lehtikuva<\/p>\n<p class=\"aw-1gybjub aw-1p7kakr kEtdKx cEmitX yle__article__paragraph\">Till <a class=\"aw-iao6s4 iHOxEa yle__article__link\" href=\"https:\/\/www.is.fi\/viihde\/art-2000011662100.html\" role=\"link\" rel=\"nofollow noopener\" target=\"_blank\">Ilta-Sanomat<\/a> f\u00f6rklarade Dzafce den f\u00f6rsta december att hon vid tidpunkten f\u00f6r bilden hade huvudv\u00e4rk och att det l\u00e4ttade p\u00e5 v\u00e4rken att stretcha \u00f6gonen. En v\u00e4n tyckte hon s\u00e5g rolig ut och tog bilden, men lade ocks\u00e5 till texten \u201dp\u00e5 lunch med en kines\u201d.<\/p>\n<p class=\"aw-1gybjub aw-1p7kakr kEtdKx cEmitX yle__article__paragraph\"><strong class=\"aw-ak79eh KyCXm yle__article__strong\">Vad t\u00e4nker du om att Miss Finland tvingades avst\u00e5 fr\u00e5n sin krona p\u00e5 grund av bilden?<\/strong><\/p>\n<p class=\"aw-1gybjub aw-1p7kakr kEtdKx cEmitX yle__article__paragraph\">\u2013 Det \u00e4r skrattretande. Hon har invandrarbakgrund sj\u00e4lv och vet s\u00e4kert vad rasism \u00e4r. Det \u00e4r underm\u00e5ligt av missorganisationen att sl\u00e4nga henne under bussen p\u00e5 det d\u00e4r s\u00e4ttet i st\u00e4llet f\u00f6r att ge henne st\u00f6d. Om det d\u00e4r \u00e4r rasism s\u00e5 \u00e4r snart allt rasism hos oss.<\/p>\n<p class=\"aw-1gybjub aw-1p7kakr kEtdKx cEmitX yle__article__paragraph\">Sarah Dzafce \u00e4r f\u00f6dd i Ule\u00e5borg men hennes pappa kommer fr\u00e5n Kosovo.<\/p>\n<p class=\"aw-1gybjub aw-1p7kakr kEtdKx cEmitX yle__article__paragraph\"><strong class=\"aw-ak79eh KyCXm yle__article__strong\">\u00c4r det l\u00e4mpligt f\u00f6r en riksdagsledamot att anv\u00e4nda humor f\u00f6r att kommentera n\u00e5got som m\u00e5nga anser vara rasistiskt?<\/strong><\/p>\n<p class=\"aw-1gybjub aw-1p7kakr kEtdKx cEmitX yle__article__paragraph\">\u2013 Det \u00e4r din tolkning att det h\u00e4r \u00e4r humor.<\/p>\n<p class=\"aw-1gybjub aw-1p7kakr kEtdKx cEmitX yle__article__paragraph\"><strong class=\"aw-ak79eh KyCXm yle__article__strong\">N\u00e4r en riksdagsledamot publicerar en s\u00e5dan h\u00e4r bild som h\u00e4nvisar till en snackis s\u00e5 \u00e4r det en genomt\u00e4nkt handling. Hur kommenterar du?<\/strong><\/p>\n<p class=\"aw-1gybjub aw-1p7kakr kEtdKx cEmitX yle__article__paragraph\">\u2013 Jag vill ge ett stort st\u00f6d till Sarah Dzafce, som tvingades avst\u00e5 fr\u00e5n Miss Finland-titeln. Jag har anklagats f\u00f6r samma slags saker tidigare. Jag vet hur det k\u00e4nns att ensam bli utsatt f\u00f6r angrepp. Jag \u00f6nskar henne allt gott. Det var det jag ville ta st\u00e4llning till h\u00e4r.<\/p>\n<p>\u00c4ven Garedew uppger sig ha huvudv\u00e4rk<\/p>\n<p class=\"aw-1gybjub aw-1p7kakr kEtdKx cEmitX yle__article__paragraph\">\u00c4ven Kaisa Garedew h\u00e4nvisar i den \u00f6gonstretchbild som hon <a class=\"aw-iao6s4 iHOxEa yle__article__link\" href=\"https:\/\/www.facebook.com\/photo\/?fbid=4005525842924853&amp;set=a.498137403663732&amp;locale=sv_SE\" role=\"link\" rel=\"nofollow noopener\" target=\"_blank\">lagt ut p\u00e5 Facebook<\/a> till huvudv\u00e4rk.<\/p>\n<p class=\"aw-1gybjub aw-1p7kakr kEtdKx cEmitX yle__article__paragraph\">\u201dT\u00e4nkte testa tinningsmassage, s\u00e5 jag inte f\u00e5r huvudv\u00e4rk, i den h\u00e4r galna v\u00e4rlden\u201d, skriver hon bland annat i samband med inl\u00e4gget, som liksom Eerolas profilbild \u00e4r offentlig.<\/p>\n<p class=\"aw-1gybjub aw-1p7kakr kEtdKx cEmitX yle__article__paragraph\"><strong class=\"aw-ak79eh KyCXm yle__article__strong\">Var det r\u00e4tt eller fel att Sarah Dzafce blev av med sin Miss Finland-titel? Motivera i kommentarerna!<\/strong><\/p>\n<p><script async src=\"\/\/www.tiktok.com\/embed.js\"><\/script><\/p>\n","protected":false},"excerpt":{"rendered":"Sannfinl\u00e4ndarnas riksdagsledamot Juho Eerola publicerade p\u00e5 torsdagskv\u00e4llen en bild d\u00e4r han imiterar kinesiska \u00f6gon genom att dra ut&hellip;\n","protected":false},"author":2,"featured_media":104141,"comment_status":"","ping_status":"","sticky":false,"template":"","format":"standard","meta":{"footnotes":""},"categories":[5],"tags":[22,23,11762,26,27,684,17,21,683,11758,11761,24,25,28,29,15,16,369,3778,18,11757,11759,34,11760,31,33,32,30,19,20],"class_list":{"0":"post-104140","1":"post","2":"type-post","3":"status-publish","4":"format-standard","5":"has-post-thumbnail","7":"category-rubriker","8":"tag-breaking-news","9":"tag-breakingnews","10":"tag-en-miljon-soppasar","11":"tag-featured-news","12":"tag-featurednews","13":"tag-finland","14":"tag-headlines","15":"tag-huvudnyheter","16":"tag-inrikes","17":"tag-juho-eerola","18":"tag-kaisa-garedew","19":"tag-latest-news","20":"tag-latestnews","21":"tag-main-news","22":"tag-mainnews","23":"tag-news","24":"tag-nyheter","25":"tag-politik","26":"tag-rasism","27":"tag-rubriker","28":"tag-sannfinlandarna","29":"tag-sarah-dzafce","30":"tag-se","31":"tag-sebastian-tynkkynen","32":"tag-svenska","33":"tag-sverige","34":"tag-sweden","35":"tag-swedish","36":"tag-top-stories","37":"tag-topstories"},"share_on_mastodon":{"url":"https:\/\/pubeurope.com\/@se\/115708896619184300","error":""},"_links":{"self":[{"href":"https:\/\/www.europesays.com\/se\/wp-json\/wp\/v2\/posts\/104140","targetHints":{"allow":["GET"]}}],"collection":[{"href":"https:\/\/www.europesays.com\/se\/wp-json\/wp\/v2\/posts"}],"about":[{"href":"https:\/\/www.europesays.com\/se\/wp-json\/wp\/v2\/types\/post"}],"author":[{"embeddable":true,"href":"https:\/\/www.europesays.com\/se\/wp-json\/wp\/v2\/users\/2"}],"replies":[{"embeddable":true,"href":"https:\/\/www.europesays.com\/se\/wp-json\/wp\/v2\/comments?post=104140"}],"version-history":[{"count":0,"href":"https:\/\/www.europesays.com\/se\/wp-json\/wp\/v2\/posts\/104140\/revisions"}],"wp:featuredmedia":[{"embeddable":true,"href":"https:\/\/www.europesays.com\/se\/wp-json\/wp\/v2\/media\/104141"}],"wp:attachment":[{"href":"https:\/\/www.europesays.com\/se\/wp-json\/wp\/v2\/media?parent=104140"}],"wp:term":[{"taxonomy":"category","embeddable":true,"href":"https:\/\/www.europesays.com\/se\/wp-json\/wp\/v2\/categories?post=104140"},{"taxonomy":"post_tag","embeddable":true,"href":"https:\/\/www.europesays.com\/se\/wp-json\/wp\/v2\/tags?post=104140"}],"curies":[{"name":"wp","href":"https:\/\/api.w.org\/{rel}","templated":true}]}}