{"id":104158,"date":"2025-12-12T22:44:08","date_gmt":"2025-12-12T22:44:08","guid":{"rendered":"https:\/\/www.europesays.com\/se\/104158\/"},"modified":"2025-12-12T22:44:08","modified_gmt":"2025-12-12T22:44:08","slug":"gjorde-enkelt-misstag-totalkvaddade-lyxbilen","status":"publish","type":"post","link":"https:\/\/www.europesays.com\/se\/104158\/","title":{"rendered":"Gjorde enkelt misstag \u2013\ntotalkvaddade lyxbilen"},"content":{"rendered":"<p>Publicerad 12 dec 2025 kl 22.39<\/p>\n<p>F\u00f6raren begick ett misstag p\u00e5 parkeringsplatsen.<\/p>\n<p>Det ledde till att hennes lyxbil hamnade p\u00e5 botten av en simbass\u00e4ng \u2013 inf\u00f6r \u00f6gonen p\u00e5 ett 20-tal f\u00f6rv\u00e5nade simmare.<\/p>\n<p><a href=\"https:\/\/www.lefigaro.fr\/automobile\/la-conductrice-confond-les-pedales-sa-jaguar-xf-plonge-au-fond-de-la-piscine-municipale-de-la-ciotat-20251212\" rel=\"nofollow noopener\" target=\"_blank\">Le Figaro<\/a> beskrev det som \u201den spektakul\u00e4r olycka\u201d.<\/p>\n<p>Senaste nyhetsklippen fr\u00e5n Expressen.<img   alt=\"\"\/><\/p>\n<p>Bilen p\u00e5 simbass\u00e4ngens botten.<\/p>\n<p>\u00d6ppna bild i helsk\u00e4rm<img loading=\"lazy\"   alt=\"\"\/><\/p>\n<p>Bilen p\u00e5 simbass\u00e4ngens botten.<\/p>\n<p>\u00d6ppna bild i helsk\u00e4rm<\/p>\n<p>Det finns ett badhus i La Ciotat i <a href=\"https:\/\/www.expressen.se\/tagg\/location\/frankrike\/\" class=\"\" rel=\"nofollow noopener\" target=\"_blank\">Frankrike<\/a>. Under torsdagen skulle en 38-\u00e5rig kvinna l\u00e4mna husparkeringen vid badhuset i sin bil n\u00e4r n\u00e5got gick snett.\u00a0<\/p>\n<p>Hon tros antingen ha ha lagt bilen i k\u00f6rl\u00e4ge i st\u00e4llet f\u00f6r backl\u00e4ge eller blandat ihop broms- och gaspedalerna.<\/p>\n<p>Hur som helst resulterade det i att hennes Jaguar XF k\u00f6rde \u00f6ver en sluttning, igenom s\u00e4kerhetsst\u00e4ngslet och byggnadens glasfasad innan lyxbilen kraschade ner i 25-metersbass\u00e4ngen.\u00a0<\/p>\n<p>Det var omkring tjugo personer i vattnet men ingen skadades.\u00a0<\/p>\n<p>Ska vara st\u00e4ngt i flera veckor<\/p>\n<p>Tv\u00e5 badvakter d\u00f6k omedelbart ner i poolen och lyckades f\u00e5 den kvinnliga f\u00f6raren och hennes unga dotter ur fordonet. Kvinnan och dottern var chockade och f\u00f6rdes till sjukhus f\u00f6r kontroll.<\/p>\n<p>Kommunen, som lagt upp bilder fr\u00e5n olyckan p\u00e5 <a href=\"https:\/\/www.facebook.com\/photo\/?fbid=1171298991864196&amp;set=pcb.1171299325197496\" rel=\"nofollow noopener\" target=\"_blank\">Facebook<\/a>, har meddelat att badhuset kommer att vara st\u00e4ngt i flera veckor f\u00f6r reparationer. Att f\u00e5 ut bilen ur simbass\u00e4ngen kommer att bli \u201den komplex operation\u201d, enligt Le Figaro.<\/p>\n","protected":false},"excerpt":{"rendered":"Publicerad 12 dec 2025 kl 22.39 F\u00f6raren begick ett misstag p\u00e5 parkeringsplatsen. Det ledde till att hennes lyxbil&hellip;\n","protected":false},"author":2,"featured_media":104159,"comment_status":"","ping_status":"","sticky":false,"template":"","format":"standard","meta":{"footnotes":""},"categories":[5],"tags":[22,23,26,27,17,21,24,25,3738,28,29,15,16,18,34,55,31,33,32,30,19,20],"class_list":{"0":"post-104158","1":"post","2":"type-post","3":"status-publish","4":"format-standard","5":"has-post-thumbnail","7":"category-rubriker","8":"tag-breaking-news","9":"tag-breakingnews","10":"tag-featured-news","11":"tag-featurednews","12":"tag-headlines","13":"tag-huvudnyheter","14":"tag-latest-news","15":"tag-latestnews","16":"tag-location-frankrike","17":"tag-main-news","18":"tag-mainnews","19":"tag-news","20":"tag-nyheter","21":"tag-rubriker","22":"tag-se","23":"tag-sections-varlden","24":"tag-svenska","25":"tag-sverige","26":"tag-sweden","27":"tag-swedish","28":"tag-top-stories","29":"tag-topstories"},"share_on_mastodon":{"url":"https:\/\/pubeurope.com\/@se\/115709022249840388","error":""},"_links":{"self":[{"href":"https:\/\/www.europesays.com\/se\/wp-json\/wp\/v2\/posts\/104158","targetHints":{"allow":["GET"]}}],"collection":[{"href":"https:\/\/www.europesays.com\/se\/wp-json\/wp\/v2\/posts"}],"about":[{"href":"https:\/\/www.europesays.com\/se\/wp-json\/wp\/v2\/types\/post"}],"author":[{"embeddable":true,"href":"https:\/\/www.europesays.com\/se\/wp-json\/wp\/v2\/users\/2"}],"replies":[{"embeddable":true,"href":"https:\/\/www.europesays.com\/se\/wp-json\/wp\/v2\/comments?post=104158"}],"version-history":[{"count":0,"href":"https:\/\/www.europesays.com\/se\/wp-json\/wp\/v2\/posts\/104158\/revisions"}],"wp:featuredmedia":[{"embeddable":true,"href":"https:\/\/www.europesays.com\/se\/wp-json\/wp\/v2\/media\/104159"}],"wp:attachment":[{"href":"https:\/\/www.europesays.com\/se\/wp-json\/wp\/v2\/media?parent=104158"}],"wp:term":[{"taxonomy":"category","embeddable":true,"href":"https:\/\/www.europesays.com\/se\/wp-json\/wp\/v2\/categories?post=104158"},{"taxonomy":"post_tag","embeddable":true,"href":"https:\/\/www.europesays.com\/se\/wp-json\/wp\/v2\/tags?post=104158"}],"curies":[{"name":"wp","href":"https:\/\/api.w.org\/{rel}","templated":true}]}}