{"id":104172,"date":"2025-12-12T22:58:25","date_gmt":"2025-12-12T22:58:25","guid":{"rendered":"https:\/\/www.europesays.com\/se\/104172\/"},"modified":"2025-12-12T22:58:25","modified_gmt":"2025-12-12T22:58:25","slug":"svensk-valdstrend-sprider-sig-i-europa","status":"publish","type":"post","link":"https:\/\/www.europesays.com\/se\/104172\/","title":{"rendered":"Svensk v\u00e5ldstrend sprider sig i Europa"},"content":{"rendered":"<p data-testid=\"lead\" itemprop=\"description\">\u201dOm ett barn \u00e5ker fast tar man bara n\u00e4sta\u201d \u2022 193 gripanden i elva l\u00e4nder<\/p>\n<p class=\"sc-c25743f0-0 sc-e37c0145-2 hObFds DQgPn\"><strong>Europol sl\u00e5r larm om ett v\u00e5ldsfenomen som tog fart i Sverige. <br \/>Unga rekryteras till mord och spr\u00e4ngningar \u2013 ofta f\u00f6r att betala av skulder som ibland inte ens finns.<br \/>\u2013 Det \u00e4r ett bedr\u00e4gligt maktverktyg som jag tror kommer anv\u00e4ndas mer och mer, s\u00e4ger Luay Mohageb. <\/strong><\/p>\n<p class=\"sc-c25743f0-0 sc-e37c0145-2 hObFds DQgPn\">Europol sl\u00e5r larm om en v\u00e5ldsutveckling som startade i Sverige och nu sprider sig \u00f6ver Europa. Fenomenet kallas \u201dviolence-as-a-service\u201d \u2013 kriminella n\u00e4tverk best\u00e4ller mord och spr\u00e4ngningar som om det vore en tj\u00e4nst och l\u00e5ter barn och unga utf\u00f6ra dem. Ofta pressas de genom skulder som ibland \u00e4r helt p\u00e5hittade.<\/p>\n<p class=\"sc-c25743f0-0 sc-e37c0145-2 hObFds DQgPn\">\u2013 Skulder anv\u00e4nds som ett maktverktyg. I m\u00e5nga fall \u00e4r de helt p\u00e5hittade. Och \u00e4ven om n\u00e5gon tror sig ha blivit fri efter ett uppdrag kan g\u00e4ngen kr\u00e4va mer, s\u00e4ger f\u00f6rfattaren och den f\u00f6re detta brottsutredaren Luay Mohageb.<\/p>\n<p>Barn \u00e4r s\u00e4rskilt utsatta<\/p>\n<p class=\"sc-c25743f0-0 sc-e37c0145-2 hObFds DQgPn\">P\u00e5 bara sex m\u00e5nader har Europols insats \u201dOperational Taskforce GRIMM\u201d lett till 193 gripanden i elva l\u00e4nder. Bland de gripna finns utf\u00f6rare, rekryterare och anstiftare. Enligt Mohageb \u00e4r barn s\u00e4rskilt utsatta. Han menar att de \u00e4r billig arbetskraft, l\u00e4ttmanipulerade och riskerar l\u00e5ga straff.<\/p>\n<p class=\"sc-c25743f0-0 sc-e37c0145-2 hObFds DQgPn\">\u2013 De h\u00e4r barnen \u00e4r l\u00e4ttmanipulerade. Vissa \u00e4r villiga att g\u00f6ra v\u00e4ldigt hemska saker f\u00f6r ett par tiotusen. Och rekryterarna s\u00e4ger: blir du tagen f\u00e5r du bara n\u00e5gra \u00e5r p\u00e5 ett hem d\u00e4r du kan spela playstation, s\u00e4ger han.<\/p>\n<p class=\"sc-c25743f0-0 sc-e37c0145-2 hObFds DQgPn\">Barnen lockas inte bara med pengar. De groomas och pressas till att beg\u00e5 fler v\u00e5ldsbrott \u00e4n de f\u00f6rst g\u00e5tt med p\u00e5.<\/p>\n<p class=\"sc-c25743f0-0 sc-e37c0145-2 hObFds DQgPn\">\u2013 De lovas pengar f\u00f6r en skjutning, men f\u00e5r dem inte \u2013 och tvingas g\u00f6ra n\u00e4sta. Det \u00e4r ett bedr\u00e4gligt maktverktyg som jag tror kommer anv\u00e4ndas mer och mer, s\u00e4ger Mohageb.<\/p>\n<p>\u201dV\u00e4ldigt unik f\u00f6r Sverige\u201d<\/p>\n<p class=\"sc-c25743f0-0 sc-e37c0145-2 hObFds DQgPn\">Europol pekar ut Sverige som startpunkten f\u00f6r trenden. Mohageb delar den bilden.<\/p>\n<p class=\"sc-c25743f0-0 sc-e37c0145-2 hObFds DQgPn\">\u2013 Jag upplever att den h\u00e4r dynamiken \u00e4r v\u00e4ldigt unik f\u00f6r Sverige. Vi har ett enormt ungdomligt deltagande och en l\u00e4ttsamhet inf\u00f6r mord och spr\u00e4ngningar som jag inte sett i n\u00e5got annat land, s\u00e4ger han.<\/p>\n<p class=\"sc-c25743f0-0 sc-e37c0145-2 hObFds DQgPn\">Och att ett barn \u00e5ker fast f\u00f6r n\u00e5got av brotten stoppar inte kriminella fr\u00e5n att forts\u00e4tta. <\/p>\n<p class=\"sc-c25743f0-0 sc-e37c0145-2 hObFds DQgPn\">\u2013 Det finns en stor pool av barn som \u00e4r villiga att utf\u00f6ra de h\u00e4r uppdragen. Om ett barn \u00e5ker fast tar man bara n\u00e4sta, s\u00e4ger Mohageb.<\/p>\n<p class=\"sc-c25743f0-0 sc-c5cf8a87-2 joNBdL gFLDso\">S\u00e5 arbetar Europol mot trenden<\/p>\n<p class=\"sc-c25743f0-0 sc-e37c0145-2 hObFds DQgPn\">Insatsgruppen OTF GRIMM startade i april 2025 f\u00f6r att bek\u00e4mpa fenomenet violence-as-a-service. Kriminella n\u00e4tverk outsourcar v\u00e5ldsbrott och anv\u00e4nder unga, ofta oerfarna personer som groomas eller pressas till att beg\u00e5 allt fr\u00e5n hot och misshandel till mord. M\u00e5let \u00e4r att sl\u00e5 mot hela kedjan \u2013 fr\u00e5n anstiftare och rekryterare till de som utf\u00f6r brotten.<\/p>\n<ul>\n<li>\n<p class=\"sc-c25743f0-0 sc-e37c0145-2 hObFds DQgPn\">193 gripna p\u00e5 sex m\u00e5nader<\/p>\n<\/li>\n<li>\n<p class=\"sc-c25743f0-0 sc-e37c0145-2 hObFds DQgPn\">63 utf\u00f6rare, 84 rekryterare, 40 m\u00f6jligg\u00f6rare, 6 anstiftare<\/p>\n<\/li>\n<li>\n<p class=\"sc-c25743f0-0 sc-e37c0145-2 hObFds DQgPn\">L\u00e4nder: Sverige, Danmark, Nederl\u00e4nderna, Spanien med flera<\/p>\n<\/li>\n<li>\n<p class=\"sc-c25743f0-0 sc-e37c0145-2 hObFds DQgPn\">Syfte: Stoppa violence-as-a-service och skydda unga<\/p>\n<\/li>\n<\/ul>\n<p class=\"sc-c25743f0-0 sc-e37c0145-2 hObFds DQgPn\">K\u00e4lla: <a href=\"https:\/\/www.europol.europa.eu\/media-press\/newsroom\/news\/operational-taskforce-grimm-193-arrests-in-6-months-tackling-violence-service-networks\" class=\"pcc\" target=\"_blank\" rel=\"noopener noreferrer nofollow\">Europol <\/a><\/p>\n","protected":false},"excerpt":{"rendered":"\u201dOm ett barn \u00e5ker fast tar man bara n\u00e4sta\u201d \u2022 193 gripanden i elva l\u00e4nder Europol sl\u00e5r larm&hellip;\n","protected":false},"author":2,"featured_media":104173,"comment_status":"","ping_status":"","sticky":false,"template":"","format":"standard","meta":{"footnotes":""},"categories":[14],"tags":[22,23,26,27,17,21,24,25,28,29,15,16,18,34,31,33,32,30,19,20,51,52,53,54],"class_list":{"0":"post-104172","1":"post","2":"type-post","3":"status-publish","4":"format-standard","5":"has-post-thumbnail","7":"category-varlden","8":"tag-breaking-news","9":"tag-breakingnews","10":"tag-featured-news","11":"tag-featurednews","12":"tag-headlines","13":"tag-huvudnyheter","14":"tag-latest-news","15":"tag-latestnews","16":"tag-main-news","17":"tag-mainnews","18":"tag-news","19":"tag-nyheter","20":"tag-rubriker","21":"tag-se","22":"tag-svenska","23":"tag-sverige","24":"tag-sweden","25":"tag-swedish","26":"tag-top-stories","27":"tag-topstories","28":"tag-varlden","29":"tag-world","30":"tag-world-news","31":"tag-worldnews"},"share_on_mastodon":{"url":"https:\/\/pubeurope.com\/@se\/115709077252743412","error":""},"_links":{"self":[{"href":"https:\/\/www.europesays.com\/se\/wp-json\/wp\/v2\/posts\/104172","targetHints":{"allow":["GET"]}}],"collection":[{"href":"https:\/\/www.europesays.com\/se\/wp-json\/wp\/v2\/posts"}],"about":[{"href":"https:\/\/www.europesays.com\/se\/wp-json\/wp\/v2\/types\/post"}],"author":[{"embeddable":true,"href":"https:\/\/www.europesays.com\/se\/wp-json\/wp\/v2\/users\/2"}],"replies":[{"embeddable":true,"href":"https:\/\/www.europesays.com\/se\/wp-json\/wp\/v2\/comments?post=104172"}],"version-history":[{"count":0,"href":"https:\/\/www.europesays.com\/se\/wp-json\/wp\/v2\/posts\/104172\/revisions"}],"wp:featuredmedia":[{"embeddable":true,"href":"https:\/\/www.europesays.com\/se\/wp-json\/wp\/v2\/media\/104173"}],"wp:attachment":[{"href":"https:\/\/www.europesays.com\/se\/wp-json\/wp\/v2\/media?parent=104172"}],"wp:term":[{"taxonomy":"category","embeddable":true,"href":"https:\/\/www.europesays.com\/se\/wp-json\/wp\/v2\/categories?post=104172"},{"taxonomy":"post_tag","embeddable":true,"href":"https:\/\/www.europesays.com\/se\/wp-json\/wp\/v2\/tags?post=104172"}],"curies":[{"name":"wp","href":"https:\/\/api.w.org\/{rel}","templated":true}]}}