{"id":104210,"date":"2025-12-12T23:56:10","date_gmt":"2025-12-12T23:56:10","guid":{"rendered":"https:\/\/www.europesays.com\/se\/104210\/"},"modified":"2025-12-12T23:56:10","modified_gmt":"2025-12-12T23:56:10","slug":"sjukhuskvinnansord-om-mediciner","status":"publish","type":"post","link":"https:\/\/www.europesays.com\/se\/104210\/","title":{"rendered":"Sjukhuskvinnans\nord \u2013 om mediciner"},"content":{"rendered":"<p>Publicerad 12 dec 2025 kl 21.15<\/p>\n<p>I sin jobbans\u00f6kan skrev kvinnan att hon hade l\u00e5ng erfarenhet av att \u201ddelegera medicin\u201d.<\/p>\n<p>Nu misst\u00e4nks hon ha f\u00f6rgiftat fyra arbetskamrater.\u00a0<\/p>\n<p><img   alt=\"\"\/><\/p>\n<p>Akademiska sjukhuset i Uppsala.<\/p>\n<p>Foto: SVEN LINDWALL<\/p>\n<p>\u00d6ppna bild i helsk\u00e4rm<\/p>\n<p>Fyra anst\u00e4llda p\u00e5 barnkliniken p\u00e5 Akademiska sjukhuset i <a href=\"https:\/\/www.expressen.se\/tagg\/location\/uppsala\/\" class=\"\" rel=\"nofollow noopener\" target=\"_blank\">Uppsala<\/a> har intensivv\u00e5rdats f\u00f6r misst\u00e4nkta f\u00f6rgiftningar. Alla insjuknade under en tiodagarsperiod i m\u00e5nadsskiftet oktober\u2013november. Alla \u00e4r kvinnor, erfar Expressen.<\/p>\n<p>En kvinna i 60-\u00e5rs\u00e5ldern har h\u00e4ktats f\u00f6r fyra fall av grov misshandel. Kvinnan greps i fredags f\u00f6rra veckan och h\u00e4ktades i m\u00e5ndags p\u00e5 den l\u00e4gre misstankegraden f\u00f6r fyra fall av grov misshandel. Hon f\u00f6rnekar brott.<\/p>\n<p>Kvinnan \u00e4r undersk\u00f6terska och har arbetat p\u00e5 Akademiska sjukhuset sen 2017.\u00a0<\/p>\n<p>\u201dM\u00e5ng\u00e5rig erfarenhet\u201d<\/p>\n<p>I det personliga brev som hon d\u00e5 skickade in till regionen uttryckte hon att hon ville byta arbetsplats efter m\u00e5nga \u00e5r inom Uppsala kommun.<\/p>\n<p>\u201dJag har l\u00e5ng och m\u00e5ng\u00e5rig erfarenhet av arbete inom rehabilitering, mediciner, demens, delegera medicin och allt som har med \u00e4ldreomsorgen att g\u00f6ra\u201d, skrev hon bland annat, vilket <a href=\"https:\/\/www.aftonbladet.se\/nyheter\/a\/7plMOv\/misstankta-giftkvinnans-ord-i-ansokan-till-akademiska-sjukhuset\" rel=\"nofollow noopener\" target=\"_blank\">Aftonbladet<\/a> f\u00f6rst rapporterade.<\/p>\n<p>Hon skrev ocks\u00e5 att \u201dandra har beskrivit mig som glad, engagerad och kompetent\u201d.<\/p>\n<p>DETTA HAR H\u00c4NT<\/p>\n<p> I slutet av oktober och b\u00f6rjan av november insjuknade fyra anst\u00e4llda p\u00e5 barnkliniken p\u00e5 Akademiska sjukhuset med f\u00f6rgiftningssymptom. En utredning om mordf\u00f6rs\u00f6k inleddes.<\/p>\n<p> I fredags f\u00f6rra veckan greps en kvinna i 60-\u00e5rs\u00e5ldern. Hon arbetar p\u00e5 sjukhuset.<\/p>\n<p> Kvinnan \u00e4r h\u00e4ktad f\u00f6r fyra fall av grov misshandel.\u00a0<\/p>\n<p>Visa mer<\/p>\n<p>Motivet till de misst\u00e4nkta brotten \u00e4r inte k\u00e4nt.\u00a0<\/p>\n<p>Uppgift: Spetsade energidrycker<\/p>\n<p>Enligt uppgifter till Expressen misst\u00e4nks kvinnan ha spetsat offrens energidrycker med l\u00e4kemedel.\u00a0<\/p>\n<p>Efter de f\u00f6rsta misst\u00e4nkta f\u00f6rgiftningarna uppges sjukhusets s\u00e4kerhetschef Viktor Ekstr\u00f6m ha kunnat s\u00e4kra, via bland annat arbetsscheman och passerkort, att den misst\u00e4nkta kvinnan arbetat vid alla tillf\u00e4llen och haft tillg\u00e5ng till kvinnornas avdelning och deras energidrycker.<\/p>\n<p>Kvinnan greps i fredags, enligt uppgifter till Expressen n\u00e4r hon satt i ett jobbm\u00f6te.<\/p>\n<p><strong>L\u00c4S MER: <\/strong><a href=\"https:\/\/www.expressen.se\/nyheter\/krim\/uppgifter-kvinnan-misstanks--ha-spetsat-energidrycker\/\" class=\"\" rel=\"nofollow noopener\" target=\"_blank\">Uppgifter: Kvinnan misst\u00e4nks  ha spetsat energidrycker<\/a><strong>L\u00c4S MER: <\/strong><a href=\"https:\/\/www.expressen.se\/nyheter\/sverige\/kvinna-haktad-for-forgiftningarna-pa-akademiska-sjukhuset\/\" class=\"\" rel=\"nofollow noopener\" target=\"_blank\">Kvinna h\u00e4ktad f\u00f6r f\u00f6rgiftningarna p\u00e5 Akademiska sjukhuset<\/a><\/p>\n","protected":false},"excerpt":{"rendered":"Publicerad 12 dec 2025 kl 21.15 I sin jobbans\u00f6kan skrev kvinnan att hon hade l\u00e5ng erfarenhet av att&hellip;\n","protected":false},"author":2,"featured_media":104211,"comment_status":"","ping_status":"","sticky":false,"template":"","format":"standard","meta":{"footnotes":""},"categories":[5],"tags":[22,23,26,27,17,21,24,25,958,28,29,15,16,2908,18,34,154,31,33,32,30,19,688,436,20],"class_list":{"0":"post-104210","1":"post","2":"type-post","3":"status-publish","4":"format-standard","5":"has-post-thumbnail","7":"category-rubriker","8":"tag-breaking-news","9":"tag-breakingnews","10":"tag-featured-news","11":"tag-featurednews","12":"tag-headlines","13":"tag-huvudnyheter","14":"tag-latest-news","15":"tag-latestnews","16":"tag-location-uppsala","17":"tag-main-news","18":"tag-mainnews","19":"tag-news","20":"tag-nyheter","21":"tag-organization-akademiska-sjukhuset-i-uppsala","22":"tag-rubriker","23":"tag-se","24":"tag-sections-sverige","25":"tag-svenska","26":"tag-sverige","27":"tag-sweden","28":"tag-swedish","29":"tag-top-stories","30":"tag-topic-halsa-sjukvard","31":"tag-topic-valdsbrott-mord","32":"tag-topstories"},"share_on_mastodon":{"url":"https:\/\/pubeurope.com\/@se\/115709305339121881","error":""},"_links":{"self":[{"href":"https:\/\/www.europesays.com\/se\/wp-json\/wp\/v2\/posts\/104210","targetHints":{"allow":["GET"]}}],"collection":[{"href":"https:\/\/www.europesays.com\/se\/wp-json\/wp\/v2\/posts"}],"about":[{"href":"https:\/\/www.europesays.com\/se\/wp-json\/wp\/v2\/types\/post"}],"author":[{"embeddable":true,"href":"https:\/\/www.europesays.com\/se\/wp-json\/wp\/v2\/users\/2"}],"replies":[{"embeddable":true,"href":"https:\/\/www.europesays.com\/se\/wp-json\/wp\/v2\/comments?post=104210"}],"version-history":[{"count":0,"href":"https:\/\/www.europesays.com\/se\/wp-json\/wp\/v2\/posts\/104210\/revisions"}],"wp:featuredmedia":[{"embeddable":true,"href":"https:\/\/www.europesays.com\/se\/wp-json\/wp\/v2\/media\/104211"}],"wp:attachment":[{"href":"https:\/\/www.europesays.com\/se\/wp-json\/wp\/v2\/media?parent=104210"}],"wp:term":[{"taxonomy":"category","embeddable":true,"href":"https:\/\/www.europesays.com\/se\/wp-json\/wp\/v2\/categories?post=104210"},{"taxonomy":"post_tag","embeddable":true,"href":"https:\/\/www.europesays.com\/se\/wp-json\/wp\/v2\/tags?post=104210"}],"curies":[{"name":"wp","href":"https:\/\/api.w.org\/{rel}","templated":true}]}}