{"id":104219,"date":"2025-12-13T00:12:22","date_gmt":"2025-12-13T00:12:22","guid":{"rendered":"https:\/\/www.europesays.com\/se\/104219\/"},"modified":"2025-12-13T00:12:22","modified_gmt":"2025-12-13T00:12:22","slug":"martin-falk-nara-att-lamna-norrkoping-efter-degraderingen-superettan","status":"publish","type":"post","link":"https:\/\/www.europesays.com\/se\/104219\/","title":{"rendered":"Martin Falk n\u00e4ra att l\u00e4mna Norrk\u00f6ping efter degraderingen | Superettan"},"content":{"rendered":"<p>Publicerad 12 dec 2025 kl 18.17Uppdaterad kl 20.14<\/p>\n<p>Martin Falk \u00e4r p\u00e5 v\u00e4g att l\u00e4mna IFK Norrk\u00f6ping.<\/p>\n<p>Enligt uppgifter till Expressen har Molde tagit en kontakt om att k\u00f6pa loss tr\u00e4naren.<\/p>\n<p><a href=\"https:\/\/www.fotbollskanalen.se\/artiklar\/sverige\/avslojar-falk-nara-lamna-peking-for-norsk-klubb\" rel=\"nofollow noopener\" target=\"_blank\">Fotbollskanalen<\/a> var f\u00f6rst med uppgifterna under kv\u00e4llen.<\/p>\n<p>Miguel Angel Ramirez: \u201dL\u00e5t oss bygga n\u00e5got fantastiskt\u201d<img   alt=\"\"\/><\/p>\n<p>Martin Falk.<\/p>\n<p>Foto: DANIEL STILLER \/ BILDBYR\u00c5N<\/p>\n<p>\u00d6ppna bild i helsk\u00e4rm<\/p>\n<p>Martin Falks framtid i IFK Norrk\u00f6ping har varit omdiskuterad. Redan i <a href=\"https:\/\/www.expressen.se\/sport\/fotboll\/allsvenskan\/internt-kaos-i-ifk-norrkoping-strandade-forhandlingar-och-stoppade-overgangar\/\" rel=\"nofollow noopener\" target=\"_blank\">h\u00f6stas ber\u00e4ttade Expressen<\/a> att tr\u00e4naren \u00f6verv\u00e4gt att l\u00e4mna IFK till f\u00f6ljd av det interna kaoset i f\u00f6reningen.<\/p>\n<p>Och strax efter kvalrysaren mot \u00d6rgryte <a href=\"https:\/\/www.expressen.se\/sport\/fotboll\/allsvenskan\/ifk-norrkoping-2026-massflykt-vantar-efter-fiaskot-\/\" rel=\"nofollow noopener\" target=\"_blank\">avsl\u00f6jade<\/a> <a href=\"https:\/\/www.expressen.se\/sport\/fotboll\/allsvenskan\/ifk-norrkoping-2026-massflykt-vantar-efter-fiaskot-\/\" rel=\"nofollow noopener\" target=\"_blank\">Expressen<\/a> att Falk best\u00e4mt sig f\u00f6r att l\u00e4mna klubben i vinter. Tidigare hade \u00e4ven Fotbollskanalen skrivit om intresse fr\u00e5n Molde.<\/p>\n<p>Molde tagit kontakt<\/p>\n<p>Enligt Expressens uppgifter har Molde nu tagit kontakt med \u201dPeking\u201d. Klubbarna \u00e4r i samtal d\u00e4r den norska klubben vill k\u00f6pa loss Falk fr\u00e5n sitt kontrakt.<\/p>\n<p>Fotbollskanalen var f\u00f6rst ut med uppgifterna under fredagskv\u00e4llen. Planen \u00e4r att Falk ska ing\u00e5 i Sindre Tjelmelands ledarstab i den norska klubbe.<\/p>\n<p>Ingenting \u00e4r helt klart mellan Norrk\u00f6ping och Molde \u2013 och det \u00e5terst\u00e5r att se hur historien utkristalliserar sig, men Molde jobbar intensivt med att komma i m\u00e5l med IFK g\u00e4llande Falk.<\/p>\n<p>Parallellt arbetar Molde med att k\u00f6pa loss Tjelmeland fr\u00e5n Lech Poznan, men d\u00e4r \u00e4r det fortfarande os\u00e4kert n\u00e4r norrmannen i s\u00e5 fall ska anl\u00e4nda till den norska klubben.<\/p>\n","protected":false},"excerpt":{"rendered":"Publicerad 12 dec 2025 kl 18.17Uppdaterad kl 20.14 Martin Falk \u00e4r p\u00e5 v\u00e4g att l\u00e4mna IFK Norrk\u00f6ping. Enligt&hellip;\n","protected":false},"author":2,"featured_media":104220,"comment_status":"","ping_status":"","sticky":false,"template":"","format":"standard","meta":{"footnotes":""},"categories":[5],"tags":[22,23,26,27,17,21,24,25,28,29,15,16,1045,18,34,129,215,31,33,32,30,19,20],"class_list":{"0":"post-104219","1":"post","2":"type-post","3":"status-publish","4":"format-standard","5":"has-post-thumbnail","7":"category-rubriker","8":"tag-breaking-news","9":"tag-breakingnews","10":"tag-featured-news","11":"tag-featurednews","12":"tag-headlines","13":"tag-huvudnyheter","14":"tag-latest-news","15":"tag-latestnews","16":"tag-main-news","17":"tag-mainnews","18":"tag-news","19":"tag-nyheter","20":"tag-organization-ifk-norrkoping","21":"tag-rubriker","22":"tag-se","23":"tag-sections-fotboll","24":"tag-sections-superettan","25":"tag-svenska","26":"tag-sverige","27":"tag-sweden","28":"tag-swedish","29":"tag-top-stories","30":"tag-topstories"},"share_on_mastodon":{"url":"https:\/\/pubeurope.com\/@se\/115709368297955206","error":""},"_links":{"self":[{"href":"https:\/\/www.europesays.com\/se\/wp-json\/wp\/v2\/posts\/104219","targetHints":{"allow":["GET"]}}],"collection":[{"href":"https:\/\/www.europesays.com\/se\/wp-json\/wp\/v2\/posts"}],"about":[{"href":"https:\/\/www.europesays.com\/se\/wp-json\/wp\/v2\/types\/post"}],"author":[{"embeddable":true,"href":"https:\/\/www.europesays.com\/se\/wp-json\/wp\/v2\/users\/2"}],"replies":[{"embeddable":true,"href":"https:\/\/www.europesays.com\/se\/wp-json\/wp\/v2\/comments?post=104219"}],"version-history":[{"count":0,"href":"https:\/\/www.europesays.com\/se\/wp-json\/wp\/v2\/posts\/104219\/revisions"}],"wp:featuredmedia":[{"embeddable":true,"href":"https:\/\/www.europesays.com\/se\/wp-json\/wp\/v2\/media\/104220"}],"wp:attachment":[{"href":"https:\/\/www.europesays.com\/se\/wp-json\/wp\/v2\/media?parent=104219"}],"wp:term":[{"taxonomy":"category","embeddable":true,"href":"https:\/\/www.europesays.com\/se\/wp-json\/wp\/v2\/categories?post=104219"},{"taxonomy":"post_tag","embeddable":true,"href":"https:\/\/www.europesays.com\/se\/wp-json\/wp\/v2\/tags?post=104219"}],"curies":[{"name":"wp","href":"https:\/\/api.w.org\/{rel}","templated":true}]}}