{"id":104235,"date":"2025-12-13T02:05:22","date_gmt":"2025-12-13T02:05:22","guid":{"rendered":"https:\/\/www.europesays.com\/se\/104235\/"},"modified":"2025-12-13T02:05:22","modified_gmt":"2025-12-13T02:05:22","slug":"johan-romin-redar-forklarade-men-ingen-blev-klokare","status":"publish","type":"post","link":"https:\/\/www.europesays.com\/se\/104235\/","title":{"rendered":"Johan Romin: Redar f\u00f6rklarade men ingen blev klokare"},"content":{"rendered":"<p class=\"has-drop-cap\">N\u00e4r Lawen Redar medverkar i tv framst\u00e5r hon som n\u00e5gon sorts modern Gunnar Str\u00e4ng, med pondus och\u00a0\u00a0\u201dst\u00f6ddighet\u201d. En som har koll och som kan prata om h\u00e4ngslen och livrem. Visa var sk\u00e5pet ska st\u00e5. Men n\u00e4r Str\u00e4ng varnade f\u00f6r att\u00a0\u201dk\u00f6pa grisen i s\u00e4cken\u201d verkar det vara exakt det Lawen Redar vill att v\u00e4ljarna ska g\u00f6ra.<\/p>\n<p>F\u00f6r vad \u00e4r det egentligen Redar vill g\u00f6ra? Det \u00e4r h\u00f6gst oklart.<\/p>\n<p>SVT:s 30 minuter blir en tillst\u00e4llning d\u00e4r ord staplas p\u00e5 ord. Allt l\u00e5ter sj\u00e4lvs\u00e4kert, men n\u00e4r halvtimmen g\u00e5tt \u00e4r man lika f\u00f6rvirrad som innan. Hur ska Socialdemokraterna \u00e5stadkomma det h\u00e4r med socioekonomisk blandning, det som de borgerliga kallar \u201dtv\u00e5ngsblandning\u201d. Tittarna blev inte s\u00e5 mycket klokare.<\/p>\n<p>En sammanfattning av Lawen Redars ord: <\/p>\n<p>Det ska byggas blandat. Men det byggs redan blandat. De med f\u00f6rs\u00f6rjningsst\u00f6d, de ska bo kvar i de utsatta omr\u00e5dena. Men de som inte bor i utsatta omr\u00e5den, de ska ocks\u00e5 bo kvar. <\/p>\n<p>Alla ska bo kvar, men det m\u00e5ste blandas, f\u00f6r vi kan inte ha utsatta omr\u00e5den. Den h\u00e4r regeringen som \u00e4r nu har gett upp och det \u201dbyggs ingenting\u201d. <\/p>\n<p>Men \u2013 undrar kanske v\u00e4n av ordning \u2013 det byggdes ju blandat redan nu. <br \/>Det hela \u00e4r ett virrvarr av obegripliga meningar. Hon vill n\u00e5got \u2013 oklart \u00e4r vad. Men n\u00e4r Jimmie \u00c5kesson kommer p\u00e5 tal, d\u00e5 glimrar det till i Lawen Redars \u00f6gon. Hurra! \u00c4ntligen favorit\u00e4mnet \u201dJimmie \u00c5kesson \u00e4r ond\u201d.<\/p>\n<p>En sak som Lawen Redar s\u00e4ger \u00e4r dock r\u00e4tt: Det byggs redan blandat. Faktum \u00e4r att det byggts blandat i Sverige i \u00f6ver 60 \u00e5r. <\/p>\n<p>De senaste dagarna har jag \u00e4gnat \u00e5t promenader i det nykr\u00f6nta utsatta omr\u00e5det Gran\u00e4ngsringen i Tyres\u00f6. Min mamma bor n\u00e4mligen 150 meter ifr\u00e5n, i en bostadsr\u00e4tt. Alldeles i n\u00e4rheten ligger radhusomr\u00e5det Krusboda \u2013 d\u00e4r jag v\u00e4xte upp \u2013 och lika l\u00e5ngt bort \u00e5t andra h\u00e5llet b\u00f6rjar villaomr\u00e5det Trollb\u00e4cken. D\u00e4remellan finns massor av olika radhus, trev\u00e5ningshus, hyresr\u00e4tter, bostadsr\u00e4tter, egna hem \u2013 i alla v\u00e4derstreck. <\/p>\n<p>Gran\u00e4ngsringen ligger s\u00e5 blandat man kan komma, om man nu inte vill bygga p\u00e5 parkeringen precis utanf\u00f6r, vill s\u00e4ga. S\u00e5 h\u00e4r har det varit \u00e4nda sedan 60- och 70-talet n\u00e4r allt det h\u00e4r var nytt. <\/p>\n<p>Mina f\u00f6rsta \u00e5r tillbringade jag i ett annat problemfyllt betongomr\u00e5de i n\u00e4rheten, som heter\u00a0Sikv\u00e4gen. Redan p\u00e5 slutet av 60-talet drogs dessa omr\u00e5den med extrema utmaningar. Jag minns alkisar och br\u00e5kiga barn, mobbning i skolan och att man gick omkring och var r\u00e4dd mest hela dagarna, \u00e4nda tills familjen \u00e4ntligen fick flytta till radhus. I ton\u00e5ren delade jag ut tidningar i Gran\u00e4ngsringen. Jag sprang i trapporna med ljudet av sk\u00e4llande sch\u00e4ferhundar efter mig och omr\u00e5det var vida k\u00e4nt f\u00f6r att vara farligt.\u00a0<\/p>\n","protected":false},"excerpt":{"rendered":"N\u00e4r Lawen Redar medverkar i tv framst\u00e5r hon som n\u00e5gon sorts modern Gunnar Str\u00e4ng, med pondus och\u00a0\u00a0\u201dst\u00f6ddighet\u201d. En&hellip;\n","protected":false},"author":2,"featured_media":104236,"comment_status":"","ping_status":"","sticky":false,"template":"","format":"standard","meta":{"footnotes":""},"categories":[12],"tags":[9565,22,23,26,27,17,21,11767,24,25,3757,28,29,15,16,18,34,1557,31,33,32,30,19,20],"class_list":{"0":"post-104235","1":"post","2":"type-post","3":"status-publish","4":"format-standard","5":"has-post-thumbnail","7":"category-sverige","8":"tag-30-minuter","9":"tag-breaking-news","10":"tag-breakingnews","11":"tag-featured-news","12":"tag-featurednews","13":"tag-headlines","14":"tag-huvudnyheter","15":"tag-integration","16":"tag-latest-news","17":"tag-latestnews","18":"tag-lawen-redar","19":"tag-main-news","20":"tag-mainnews","21":"tag-news","22":"tag-nyheter","23":"tag-rubriker","24":"tag-se","25":"tag-socialdemokraterna","26":"tag-svenska","27":"tag-sverige","28":"tag-sweden","29":"tag-swedish","30":"tag-top-stories","31":"tag-topstories"},"share_on_mastodon":{"url":"https:\/\/pubeurope.com\/@se\/115709812618817782","error":""},"_links":{"self":[{"href":"https:\/\/www.europesays.com\/se\/wp-json\/wp\/v2\/posts\/104235","targetHints":{"allow":["GET"]}}],"collection":[{"href":"https:\/\/www.europesays.com\/se\/wp-json\/wp\/v2\/posts"}],"about":[{"href":"https:\/\/www.europesays.com\/se\/wp-json\/wp\/v2\/types\/post"}],"author":[{"embeddable":true,"href":"https:\/\/www.europesays.com\/se\/wp-json\/wp\/v2\/users\/2"}],"replies":[{"embeddable":true,"href":"https:\/\/www.europesays.com\/se\/wp-json\/wp\/v2\/comments?post=104235"}],"version-history":[{"count":0,"href":"https:\/\/www.europesays.com\/se\/wp-json\/wp\/v2\/posts\/104235\/revisions"}],"wp:featuredmedia":[{"embeddable":true,"href":"https:\/\/www.europesays.com\/se\/wp-json\/wp\/v2\/media\/104236"}],"wp:attachment":[{"href":"https:\/\/www.europesays.com\/se\/wp-json\/wp\/v2\/media?parent=104235"}],"wp:term":[{"taxonomy":"category","embeddable":true,"href":"https:\/\/www.europesays.com\/se\/wp-json\/wp\/v2\/categories?post=104235"},{"taxonomy":"post_tag","embeddable":true,"href":"https:\/\/www.europesays.com\/se\/wp-json\/wp\/v2\/tags?post=104235"}],"curies":[{"name":"wp","href":"https:\/\/api.w.org\/{rel}","templated":true}]}}