{"id":104251,"date":"2025-12-13T03:51:22","date_gmt":"2025-12-13T03:51:22","guid":{"rendered":"https:\/\/www.europesays.com\/se\/104251\/"},"modified":"2025-12-13T03:51:22","modified_gmt":"2025-12-13T03:51:22","slug":"blev-svartlistad-pagrund-av-melania","status":"publish","type":"post","link":"https:\/\/www.europesays.com\/se\/104251\/","title":{"rendered":"Blev svartlistad p\u00e5\ngrund av Melania"},"content":{"rendered":"<p>Publicerad 13 dec 2025 kl 00.02Uppdaterad kl 02.02<\/p>\n<p>Nicole Bryl har varit Melania Trumps makeupartist i m\u00e5nga \u00e5r.<\/p>\n<p>Hon h\u00e4vdar att hon blev \u201dsvartlistad\u201d av sk\u00f6nhetsbranschen p\u00e5 grund av detta n\u00e4r Donald Trump blev president, skriver <a href=\"https:\/\/www.foxnews.com\/media\/melania-trumps-longtime-makeup-artist-says-she-canceled-working-first-family\" rel=\"nofollow noopener\" target=\"_blank\">Fox News<\/a>.<\/p>\n<p>\u2013 Sk\u00f6nhet blev pl\u00f6tsligt inte l\u00e4ngre sk\u00f6nhet, det blev politiskt, s\u00e4ger Bryl.<\/p>\n<p>Senaste klippen om Trump-administrationen.<img   alt=\"\"\/><\/p>\n<p>Melania Trump.<\/p>\n<p>Foto: MATT BARON\/BEI\/SHUTTERSTOCK \/ SHUTTERSTOCK EDITORIAL\/IBL<\/p>\n<p>\u00d6ppna bild i helsk\u00e4rm<\/p>\n<p>Amerikanskan Nicole Bryl har arbetat som <a href=\"https:\/\/www.expressen.se\/tagg\/person\/melania-trump\/\" class=\"\" rel=\"nofollow noopener\" target=\"_blank\">Melania Trumps<\/a> makeupartist \u201di \u00e5rtionden\u201d. Men allt f\u00f6r\u00e4ndrades n\u00e4r Melanias make Donald Trump gav sig in i politiken och s\u00e5 sm\u00e5ningom blev USA:s president.<\/p>\n<p>\u2013 Eftersom jag jobbade med Melania som \u00e4r Donalds fru blev sk\u00f6nhet pl\u00f6tsligt inte l\u00e4ngre sk\u00f6nhet, det blev politiskt. Och jag var s\u00e5 naiv p\u00e5 den tiden, jag f\u00f6rstod inte varf\u00f6r alla d\u00f6rrar pl\u00f6tsligt st\u00e4ngdes f\u00f6r mig, s\u00e4ger Bryl till podden \u201dReturn on Identity\u201d.<\/p>\n<p>Bryl h\u00e4vdade att folk slutade g\u00f6ra aff\u00e4rer med henne p\u00e5 grund av vem hon arbetade f\u00f6r.<\/p>\n<p>\u2013 De ville inte prata med mig eller ta mina samtal och slutade skicka mig produkter. L\u00e4ppstift var inte l\u00e4ngre bara l\u00e4ppstift, produkter var inte l\u00e4ngre bara produkter, det blev n\u00e5got mer, s\u00e4ger Bryl.<\/p>\n<p>\u201dJag hatar mobbare\u201d<\/p>\n<p>Hon uppgav att vissa personer erbj\u00f6d sig att g\u00f6ra aff\u00e4rer med henne endast om hon \u201dtog bort alla h\u00e4nvisningar till Trump-familjen\u201d.<\/p>\n<p>\u2013 Man vill f\u00f6rst\u00e5s inte g\u00e5 i konkurs av att inte ha kunder l\u00e4ngre. Men jag t\u00e4nkte f\u00f6r mig sj\u00e4lv: \u201dJag hatar mobbare och har alltid gjort det\u201d. Och ingen kommer att mobba mig. S\u00e5 om det betyder att jag kommer att ha m\u00e5nga som inte gillar mig s\u00e5 \u00e4r det okej f\u00f6r mig, s\u00e4ger Bryl.<\/p>\n<p>Hon \u201d\u00e4lskar\u201d Melania som klient.<\/p>\n<p>\u2013 Hon \u00e4r en av de mest fantastiska m\u00e4nniskor jag n\u00e5gonsin har k\u00e4nt och jag kommer inte att l\u00e4mna hennes sida, s\u00e4ger Bryl.<\/p>\n","protected":false},"excerpt":{"rendered":"Publicerad 13 dec 2025 kl 00.02Uppdaterad kl 02.02 Nicole Bryl har varit Melania Trumps makeupartist i m\u00e5nga \u00e5r.&hellip;\n","protected":false},"author":2,"featured_media":104252,"comment_status":"","ping_status":"","sticky":false,"template":"","format":"standard","meta":{"footnotes":""},"categories":[5],"tags":[22,23,26,27,17,21,24,25,28,29,15,16,198,197,18,34,55,31,33,32,30,19,204,20],"class_list":{"0":"post-104251","1":"post","2":"type-post","3":"status-publish","4":"format-standard","5":"has-post-thumbnail","7":"category-rubriker","8":"tag-breaking-news","9":"tag-breakingnews","10":"tag-featured-news","11":"tag-featurednews","12":"tag-headlines","13":"tag-huvudnyheter","14":"tag-latest-news","15":"tag-latestnews","16":"tag-main-news","17":"tag-mainnews","18":"tag-news","19":"tag-nyheter","20":"tag-person-donald-trump","21":"tag-person-melania-trump","22":"tag-rubriker","23":"tag-se","24":"tag-sections-varlden","25":"tag-svenska","26":"tag-sverige","27":"tag-sweden","28":"tag-swedish","29":"tag-top-stories","30":"tag-topic-amerikansk-politik","31":"tag-topstories"},"share_on_mastodon":{"url":"https:\/\/pubeurope.com\/@se\/115710229410363993","error":""},"_links":{"self":[{"href":"https:\/\/www.europesays.com\/se\/wp-json\/wp\/v2\/posts\/104251","targetHints":{"allow":["GET"]}}],"collection":[{"href":"https:\/\/www.europesays.com\/se\/wp-json\/wp\/v2\/posts"}],"about":[{"href":"https:\/\/www.europesays.com\/se\/wp-json\/wp\/v2\/types\/post"}],"author":[{"embeddable":true,"href":"https:\/\/www.europesays.com\/se\/wp-json\/wp\/v2\/users\/2"}],"replies":[{"embeddable":true,"href":"https:\/\/www.europesays.com\/se\/wp-json\/wp\/v2\/comments?post=104251"}],"version-history":[{"count":0,"href":"https:\/\/www.europesays.com\/se\/wp-json\/wp\/v2\/posts\/104251\/revisions"}],"wp:featuredmedia":[{"embeddable":true,"href":"https:\/\/www.europesays.com\/se\/wp-json\/wp\/v2\/media\/104252"}],"wp:attachment":[{"href":"https:\/\/www.europesays.com\/se\/wp-json\/wp\/v2\/media?parent=104251"}],"wp:term":[{"taxonomy":"category","embeddable":true,"href":"https:\/\/www.europesays.com\/se\/wp-json\/wp\/v2\/categories?post=104251"},{"taxonomy":"post_tag","embeddable":true,"href":"https:\/\/www.europesays.com\/se\/wp-json\/wp\/v2\/tags?post=104251"}],"curies":[{"name":"wp","href":"https:\/\/api.w.org\/{rel}","templated":true}]}}