{"id":104301,"date":"2025-12-13T06:16:24","date_gmt":"2025-12-13T06:16:24","guid":{"rendered":"https:\/\/www.europesays.com\/se\/104301\/"},"modified":"2025-12-13T06:16:24","modified_gmt":"2025-12-13T06:16:24","slug":"nya-fall-av-spetalska-i-rumanien-forsta-pa-40-ar","status":"publish","type":"post","link":"https:\/\/www.europesays.com\/se\/104301\/","title":{"rendered":"Nya fall av spet\u00e4lska i Rum\u00e4nien \u2013 f\u00f6rsta p\u00e5 40 \u00e5r"},"content":{"rendered":"<p>bakgrund<\/p>\n<p>\u00a0<\/p>\n<p>Sjukdomen \u00e4r \u00e4ven k\u00e4nd som lepra <\/p>\n<p>Wikipedia (sv)<\/p>\n<p>Lepra, \u00e4ven k\u00e4nt som Hansens sjukdom och spet\u00e4lska (fornsvenska spetal = hospital), \u00e4r en kronisk infektion som orsakas av bakterien Mycobacterium leprae och Mycobacterium lepromatosis. Fr\u00e5n b\u00f6rjan \u00e4r infektionen utan symptom och forts\u00e4tter typiskt utan att ge upphov till symptom i fem eller till och med upp emot 20 \u00e5r. Symptomen som sedan utvecklas innefattar granulom i perifera nerver, luftv\u00e4gar, hud, och \u00f6gon. Detta kan leda till en f\u00f6rlust av sm\u00e4rtk\u00e4nslighet vilket leder till f\u00f6rlust av extremiteterna till f\u00f6ljd av upprepade skador. Svaghet och nedsatt syn kan \u00e4ven p\u00e5tr\u00e4ffas.<br \/>\nDet finns tv\u00e5 huvudsakliga typer av sjukdomen som beror p\u00e5 hur mycket bakterier som finns: paucibacill\u00e4r (f\u00e5 bakterier) och multibacill\u00e4r (m\u00e5nga bakterier). De tv\u00e5 typerna skiljs \u00e5t beroende p\u00e5 antalet hypopigmenterade (med mindre pigmentering) domnade hudomr\u00e5den som uppvisas; vid paucibacill\u00e4r finns fem eller f\u00e4rre och multibacill\u00e4r uppvisar fler \u00e4n fem omr\u00e5den. Diagnos st\u00e4lls vid fynd av syrafasta mykobakterier vid hudbiopsi eller genom att p\u00e5visa DNA genom PCR. Sjukdom drabbar i st\u00f6rre utstr\u00e4ckning socialt utsatta och tros smitta via droppsmitta.<br \/>\nLepra kan botas med behandling. Behandlingen vid paucibacill\u00e4r lepra sker med dapson och rifampicin i sex m\u00e5nader. Behandling vid multibacill\u00e4r lepra \u00e4r rifampicin, dapson, och clofazimin i tolv m\u00e5nader. Dessa behandlingar erbjuds utan kostnad av V\u00e4rldsh\u00e4lsoorganisationen. \u00c4ven flera andra antibiotika fungerar. Globalt \u00e5r 2012 s\u00e5gs 180 000 fall av lepra, vilket \u00e4r signifikant f\u00e4rre \u00e4n vad som p\u00e5tr\u00e4ffades p\u00e5 1960-talet. De flesta nya fall upptr\u00e4der i 16 l\u00e4nder, d\u00e4r Indien st\u00e5r f\u00f6r fler \u00e4n h\u00e4lften av fallen. Under de senaste 20 \u00e5ren har 16 miljoner individer i v\u00e4rlden botats.<br \/>\nLepra har drabbat m\u00e4nskligheten under tusentals \u00e5r. Det f\u00f6rekommer \u00e4n idag att individer med lepra skickas till leprakolonier eller leprosarium i l\u00e4nder som Indien d\u00e4r det finns fler \u00e4n 1 000 drabbade, Kina med hundratals, och i Afrika. De flesta s\u00e5dana kolonier har dock lagts ner. Lepra har stigmatiserats under stora delar av historien, och detta \u00e4r fortfarande en barri\u00e4r vid sj\u00e4lvrapportering och tidig behandling. V\u00e4rldslepradagen, den sista s\u00f6ndagen i januari, startades \u00e5r 1954 f\u00f6r att h\u00f6ja medvetenheten om lepra och de som drabbas av sjukdomen.<\/p>\n","protected":false},"excerpt":{"rendered":"bakgrund \u00a0 Sjukdomen \u00e4r \u00e4ven k\u00e4nd som lepra Wikipedia (sv) Lepra, \u00e4ven k\u00e4nt som Hansens sjukdom och spet\u00e4lska&hellip;\n","protected":false},"author":2,"featured_media":104302,"comment_status":"","ping_status":"","sticky":false,"template":"","format":"standard","meta":{"footnotes":""},"categories":[14],"tags":[22,23,267,26,27,332,17,21,24,25,28,29,15,16,18,3325,34,31,33,32,30,19,20,51,52,53,54],"class_list":{"0":"post-104301","1":"post","2":"type-post","3":"status-publish","4":"format-standard","5":"has-post-thumbnail","7":"category-varlden","8":"tag-breaking-news","9":"tag-breakingnews","10":"tag-europa","11":"tag-featured-news","12":"tag-featurednews","13":"tag-forskning-vetenskap","14":"tag-headlines","15":"tag-huvudnyheter","16":"tag-latest-news","17":"tag-latestnews","18":"tag-main-news","19":"tag-mainnews","20":"tag-news","21":"tag-nyheter","22":"tag-rubriker","23":"tag-rumanien","24":"tag-se","25":"tag-svenska","26":"tag-sverige","27":"tag-sweden","28":"tag-swedish","29":"tag-top-stories","30":"tag-topstories","31":"tag-varlden","32":"tag-world","33":"tag-world-news","34":"tag-worldnews"},"share_on_mastodon":{"url":"https:\/\/pubeurope.com\/@se\/115710799554958764","error":""},"_links":{"self":[{"href":"https:\/\/www.europesays.com\/se\/wp-json\/wp\/v2\/posts\/104301","targetHints":{"allow":["GET"]}}],"collection":[{"href":"https:\/\/www.europesays.com\/se\/wp-json\/wp\/v2\/posts"}],"about":[{"href":"https:\/\/www.europesays.com\/se\/wp-json\/wp\/v2\/types\/post"}],"author":[{"embeddable":true,"href":"https:\/\/www.europesays.com\/se\/wp-json\/wp\/v2\/users\/2"}],"replies":[{"embeddable":true,"href":"https:\/\/www.europesays.com\/se\/wp-json\/wp\/v2\/comments?post=104301"}],"version-history":[{"count":0,"href":"https:\/\/www.europesays.com\/se\/wp-json\/wp\/v2\/posts\/104301\/revisions"}],"wp:featuredmedia":[{"embeddable":true,"href":"https:\/\/www.europesays.com\/se\/wp-json\/wp\/v2\/media\/104302"}],"wp:attachment":[{"href":"https:\/\/www.europesays.com\/se\/wp-json\/wp\/v2\/media?parent=104301"}],"wp:term":[{"taxonomy":"category","embeddable":true,"href":"https:\/\/www.europesays.com\/se\/wp-json\/wp\/v2\/categories?post=104301"},{"taxonomy":"post_tag","embeddable":true,"href":"https:\/\/www.europesays.com\/se\/wp-json\/wp\/v2\/tags?post=104301"}],"curies":[{"name":"wp","href":"https:\/\/api.w.org\/{rel}","templated":true}]}}