{"id":104315,"date":"2025-12-13T06:33:24","date_gmt":"2025-12-13T06:33:24","guid":{"rendered":"https:\/\/www.europesays.com\/se\/104315\/"},"modified":"2025-12-13T06:33:24","modified_gmt":"2025-12-13T06:33:24","slug":"man-hittad-skjuten-i-bil-i-malmo","status":"publish","type":"post","link":"https:\/\/www.europesays.com\/se\/104315\/","title":{"rendered":"Man hittad skjuten i bil i Malm\u00f6"},"content":{"rendered":"<p>Larmet kom vid 23-tiden och polisen har sp\u00e4rrat av ett omr\u00e5de p\u00e5 Hindby efter att en man hittats skjuten i en bil. Anh\u00f6riga \u00e4r underr\u00e4ttade. <\/p>\n<p>\u2013 Han f\u00f6rdes till sjukhus men konstaterades d\u00e4r avliden, s\u00e4ger Thomas S\u00f6derberg, vakthavande bef\u00e4l vid polisens regionledningscentral till TT.<\/p>\n<p>Ingen person har \u00e4nnu gripits.<\/p>\n<p>Enligt uppgifter till SVT uppr\u00e4ttades avsp\u00e4rrningar vid akutmottagningen vid Sk\u00e5nes universitetssjukhus under natten. <\/p>\n<p>Sj\u00e4lva brottsplatsen \u00e4r inte den samma som d\u00e4r mannen hittades, utan \u00e4r en bit \u00f6ster om Malm\u00f6, skriver polisen p\u00e5 sin hemsida.<\/p>\n<p>SVT har s\u00f6kt polisen utan resultat.<\/p>\n","protected":false},"excerpt":{"rendered":"Larmet kom vid 23-tiden och polisen har sp\u00e4rrat av ett omr\u00e5de p\u00e5 Hindby efter att en man hittats&hellip;\n","protected":false},"author":2,"featured_media":104316,"comment_status":"","ping_status":"","sticky":false,"template":"","format":"standard","meta":{"footnotes":""},"categories":[12],"tags":[22,23,26,27,17,21,24,25,28,29,15,16,18,34,31,33,32,30,19,20],"class_list":{"0":"post-104315","1":"post","2":"type-post","3":"status-publish","4":"format-standard","5":"has-post-thumbnail","7":"category-sverige","8":"tag-breaking-news","9":"tag-breakingnews","10":"tag-featured-news","11":"tag-featurednews","12":"tag-headlines","13":"tag-huvudnyheter","14":"tag-latest-news","15":"tag-latestnews","16":"tag-main-news","17":"tag-mainnews","18":"tag-news","19":"tag-nyheter","20":"tag-rubriker","21":"tag-se","22":"tag-svenska","23":"tag-sverige","24":"tag-sweden","25":"tag-swedish","26":"tag-top-stories","27":"tag-topstories"},"share_on_mastodon":{"url":"https:\/\/pubeurope.com\/@se\/115710866451772515","error":""},"_links":{"self":[{"href":"https:\/\/www.europesays.com\/se\/wp-json\/wp\/v2\/posts\/104315","targetHints":{"allow":["GET"]}}],"collection":[{"href":"https:\/\/www.europesays.com\/se\/wp-json\/wp\/v2\/posts"}],"about":[{"href":"https:\/\/www.europesays.com\/se\/wp-json\/wp\/v2\/types\/post"}],"author":[{"embeddable":true,"href":"https:\/\/www.europesays.com\/se\/wp-json\/wp\/v2\/users\/2"}],"replies":[{"embeddable":true,"href":"https:\/\/www.europesays.com\/se\/wp-json\/wp\/v2\/comments?post=104315"}],"version-history":[{"count":0,"href":"https:\/\/www.europesays.com\/se\/wp-json\/wp\/v2\/posts\/104315\/revisions"}],"wp:featuredmedia":[{"embeddable":true,"href":"https:\/\/www.europesays.com\/se\/wp-json\/wp\/v2\/media\/104316"}],"wp:attachment":[{"href":"https:\/\/www.europesays.com\/se\/wp-json\/wp\/v2\/media?parent=104315"}],"wp:term":[{"taxonomy":"category","embeddable":true,"href":"https:\/\/www.europesays.com\/se\/wp-json\/wp\/v2\/categories?post=104315"},{"taxonomy":"post_tag","embeddable":true,"href":"https:\/\/www.europesays.com\/se\/wp-json\/wp\/v2\/tags?post=104315"}],"curies":[{"name":"wp","href":"https:\/\/api.w.org\/{rel}","templated":true}]}}