{"id":104317,"date":"2025-12-13T06:36:08","date_gmt":"2025-12-13T06:36:08","guid":{"rendered":"https:\/\/www.europesays.com\/se\/104317\/"},"modified":"2025-12-13T06:36:08","modified_gmt":"2025-12-13T06:36:08","slug":"minnesota-tar-over-stjarnback-i-jatteaffar","status":"publish","type":"post","link":"https:\/\/www.europesays.com\/se\/104317\/","title":{"rendered":"Minnesota tar \u00f6ver stj\u00e4rnback i j\u00e4tteaff\u00e4r"},"content":{"rendered":"<p>NHL-stj\u00e4rnan Quinn Hughes l\u00e4mnar Vancouver Canucks f\u00f6r Minnesota Wild i en av de st\u00f6rsta aff\u00e4rerna i ligans historia, rapporterar SVT. I utbyte f\u00e5r Canucks inte f\u00e4rre \u00e4n tre spelare: centern Marco Rossi, backen Zeev Buium, och svenske forwarden Liam \u00d6hgren.<\/p>\n<p>Quinn Hughes, 26, vann Norris Trophy 2024 som ligans b\u00e4sta back och \u00e4r uttagen till den amerikanska OS-truppen. Hughes har ett \u00e5r kvar p\u00e5 sitt kontrakt, men Minnesota blir den enda klubben som kan erbjuda honom en \u00e5tta\u00e5rig f\u00f6rl\u00e4ngning redan i sommar.<\/p>\n<p>Hughes blir nu lagkamrat med flera svenskar, d\u00e4ribland Joel Eriksson Ek och Jonas Brodin.<\/p>\n<p>Omni \u00e4r politiskt obundna och oberoende. Vi str\u00e4var efter att ge fler perspektiv p\u00e5 nyheterna. Har du fr\u00e5gor eller synpunkter kring v\u00e5r rapportering? <a href=\"https:\/\/omni.se\/minnesota-tar-over-stjarnback-i-jatteaffar\/a\/mailto:redaktion@omni.se\" class=\"ArticleActions_contactLink__W2F1M\" rel=\"nofollow noopener\" target=\"_blank\">Kontakta redaktionen<\/a><\/p>\n","protected":false},"excerpt":{"rendered":"NHL-stj\u00e4rnan Quinn Hughes l\u00e4mnar Vancouver Canucks f\u00f6r Minnesota Wild i en av de st\u00f6rsta aff\u00e4rerna i ligans historia,&hellip;\n","protected":false},"author":2,"featured_media":104318,"comment_status":"","ping_status":"","sticky":false,"template":"","format":"standard","meta":{"footnotes":""},"categories":[68],"tags":[1472,11769,11770,6006,247,34,111,110,31,33,32,30],"class_list":{"0":"post-104317","1":"post","2":"type-post","3":"status-publish","4":"format-standard","5":"has-post-thumbnail","7":"category-sport","8":"tag-ishockey","9":"tag-joel-eriksson-ek","10":"tag-jonas-brodin","11":"tag-minnesota-wild","12":"tag-nhl","13":"tag-se","14":"tag-sport","15":"tag-sports","16":"tag-svenska","17":"tag-sverige","18":"tag-sweden","19":"tag-swedish"},"share_on_mastodon":{"url":"https:\/\/pubeurope.com\/@se\/115710878293483826","error":""},"_links":{"self":[{"href":"https:\/\/www.europesays.com\/se\/wp-json\/wp\/v2\/posts\/104317","targetHints":{"allow":["GET"]}}],"collection":[{"href":"https:\/\/www.europesays.com\/se\/wp-json\/wp\/v2\/posts"}],"about":[{"href":"https:\/\/www.europesays.com\/se\/wp-json\/wp\/v2\/types\/post"}],"author":[{"embeddable":true,"href":"https:\/\/www.europesays.com\/se\/wp-json\/wp\/v2\/users\/2"}],"replies":[{"embeddable":true,"href":"https:\/\/www.europesays.com\/se\/wp-json\/wp\/v2\/comments?post=104317"}],"version-history":[{"count":0,"href":"https:\/\/www.europesays.com\/se\/wp-json\/wp\/v2\/posts\/104317\/revisions"}],"wp:featuredmedia":[{"embeddable":true,"href":"https:\/\/www.europesays.com\/se\/wp-json\/wp\/v2\/media\/104318"}],"wp:attachment":[{"href":"https:\/\/www.europesays.com\/se\/wp-json\/wp\/v2\/media?parent=104317"}],"wp:term":[{"taxonomy":"category","embeddable":true,"href":"https:\/\/www.europesays.com\/se\/wp-json\/wp\/v2\/categories?post=104317"},{"taxonomy":"post_tag","embeddable":true,"href":"https:\/\/www.europesays.com\/se\/wp-json\/wp\/v2\/tags?post=104317"}],"curies":[{"name":"wp","href":"https:\/\/api.w.org\/{rel}","templated":true}]}}