{"id":104319,"date":"2025-12-13T06:37:07","date_gmt":"2025-12-13T06:37:07","guid":{"rendered":"https:\/\/www.europesays.com\/se\/104319\/"},"modified":"2025-12-13T06:37:07","modified_gmt":"2025-12-13T06:37:07","slug":"carolina-kluft-leder-idrottsgalan-igen-sport","status":"publish","type":"post","link":"https:\/\/www.europesays.com\/se\/104319\/","title":{"rendered":"Carolina Kl\u00fcft leder Idrottsgalan \u2013 igen | Sport"},"content":{"rendered":"<p>Publicerad 13 dec 2025 kl 06.56<\/p>\n<p>Carolina Kl\u00fcft programleder Idrottsgalan 2026, enligt uppgifter till Expressen.\u00a0<\/p>\n<p>D\u00e4remot g\u00f6r hon det utan parh\u00e4sten M\u00e5ns Zelmerl\u00f6w.<\/p>\n<p>\u2013 Jag kommenterar inte det, s\u00e4ger Idrottsgalans vd Stephan Rim\u00e9r. \u00a0<\/p>\n<p><img   alt=\"\"\/><\/p>\n<p>M\u00e5ns Zelmerl\u00f6w och Carolina Kl\u00fcft har varit programledare f\u00f6r Idrottsgalan de tv\u00e5 senaste \u00e5ren.<\/p>\n<p>Foto: EMMA WALLSKOG \/ BILDBYR\u00c5N<\/p>\n<p>\u00d6ppna bild i helsk\u00e4rm<\/p>\n<p>De senaste tre \u00e5ren har <a href=\"https:\/\/www.expressen.se\/tagg\/person\/mans-zelmerlow\/\" class=\"\" rel=\"nofollow noopener\" target=\"_blank\">M\u00e5ns Zelmerl\u00f6w<\/a> varit programledare f\u00f6r Idrottsgalan.\u00a0<\/p>\n<p>Men s\u00e5 blir det inte i \u00e5r.\u00a0<\/p>\n<p>39-\u00e5ringen kommer inte att ha uppdraget under 2026 \u00e5rs upplaga, enligt uppgifter till Expressen.\u00a0<\/p>\n<p>Carolina Kl\u00fcft leder Idrottsgalan<\/p>\n<p>D\u00e4remot forts\u00e4tter Carolina Kl\u00fcft, 42, som programledare, en roll hon haft sedan 2024 tillsammans med Zelmerl\u00f6w.\u00a0<\/p>\n<p>\u2013 Jag kan inte s\u00e4ga n\u00e5gonting om det. Jag kommenterar inte det \u00f6verhuvudtaget, s\u00e4ger Idrottsgalans vd Stephan Rim\u00e9r.<\/p>\n<p>Idrottsgalan v\u00e4ntas presentera sin l\u00f6sning av programledare i b\u00f6rjan av n\u00e4sta vecka.\u00a0<\/p>\n<p>Historisk \u00e4ndring<\/p>\n<p>Galan \u00e4ger rum den 21 januari och anordnas under pompa och st\u00e5t i Avicii arena, tidigare Globen.\u00a0<\/p>\n<p>Det blir en comeback i arenan efter att man de tv\u00e5 senaste \u00e5ren h\u00e5llit till i Strawberry arena n\u00e4r Avicii arena varit under renovering.\u00a0<\/p>\n<p>Sedan starten \u00e5r 2000 har Idrottsgalan alltid h\u00e5llits p\u00e5 en m\u00e5ndag, men n\u00e4sta \u00e5r kommer det bli p\u00e5 en onsdag.\u00a0<\/p>\n<p>Anledningen \u00e4r att Avicii arena redan var uppbokad n\u00e4r galan skulle flytta tillbaka. Dessutom s\u00e4nder SVT Guldbaggegalan p\u00e5 det \u00f6nskade datumet 19 januari.\u00a0<\/p>\n<p>\u2013 Vi har pratat om det och t\u00e4nker att det inte borde spela n\u00e5gon roll alls. Men vem vet? Vi vet inte vad det f\u00e5r f\u00f6r konsekvenser. Kanske st\u00e5r det g\u00e4ster d\u00e4r och bankar p\u00e5 d\u00f6rren redan p\u00e5 m\u00e5ndagen, vi f\u00e5r se, sade Rim\u00e9r<a href=\"https:\/\/www.expressen.se\/sport\/idrottsgalan-gor-historisk-forandring-jattekonstigt\/\" rel=\"nofollow noopener\" target=\"_blank\"> till Expressen tidigare i h\u00f6stas.\u00a0<\/a><\/p>\n<p>Programledare under 2000-talet<\/p>\n<p>2000-2002 \u2013 Kristin Kaspersen &amp; Leif \u201dLoket\u201d Olsson<\/p>\n<p>2003-2004 \u2013 Claes \u00c5keson &amp; Peter Jihde<\/p>\n<p>2005 \u2013 Claes \u00c5keson, Peter Jihde &amp; Victoria Dyring<\/p>\n<p>2006-2007 \u2013 Kristin Kaspersen &amp; Peter Jihde<\/p>\n<p>2008-2010 \u2013 Peter Settman<\/p>\n<p>2011-2012 \u2013 Robin Paulsson<\/p>\n<p>2013-2014 \u2013 Rickard Olsson<\/p>\n<p>2015 \u2013 Peter Settman<\/p>\n<p>2016 \u2013 Andr\u00e9 Pops<\/p>\n<p>2017-2018 \u2013 Kristin Kaspersen<\/p>\n<p>2019 \u2013 Kristin Kaspersen &amp; David Sundin<\/p>\n<p>2020-2022 \u2013 Kristin Kaspersen<\/p>\n<p>2023 \u2013 Pernilla Wiberg &amp; M\u00e5ns Zelmerl\u00f6w<\/p>\n<p>2024 \u2013 Carolina Kl\u00fcft &amp; M\u00e5ns Zelmerl\u00f6w<\/p>\n<p>2025 \u2013 Carolina Kl\u00fcft &amp; M\u00e5ns Zelmerl\u00f6w<\/p>\n<p>Visa mer<\/p>\n","protected":false},"excerpt":{"rendered":"Publicerad 13 dec 2025 kl 06.56 Carolina Kl\u00fcft programleder Idrottsgalan 2026, enligt uppgifter till Expressen.\u00a0 D\u00e4remot g\u00f6r hon&hellip;\n","protected":false},"author":2,"featured_media":104320,"comment_status":"","ping_status":"","sticky":false,"template":"","format":"standard","meta":{"footnotes":""},"categories":[67],"tags":[104,11771,6483,508,34,31,33,32,30,105],"class_list":{"0":"post-104319","1":"post","2":"type-post","3":"status-publish","4":"format-standard","5":"has-post-thumbnail","7":"category-underhallning","8":"tag-entertainment","9":"tag-organization-idrottsgalan","10":"tag-person-carolina-kluft","11":"tag-person-mans-zelmerlow","12":"tag-se","13":"tag-svenska","14":"tag-sverige","15":"tag-sweden","16":"tag-swedish","17":"tag-underhallning"},"share_on_mastodon":{"url":"https:\/\/pubeurope.com\/@se\/115710882131743383","error":""},"_links":{"self":[{"href":"https:\/\/www.europesays.com\/se\/wp-json\/wp\/v2\/posts\/104319","targetHints":{"allow":["GET"]}}],"collection":[{"href":"https:\/\/www.europesays.com\/se\/wp-json\/wp\/v2\/posts"}],"about":[{"href":"https:\/\/www.europesays.com\/se\/wp-json\/wp\/v2\/types\/post"}],"author":[{"embeddable":true,"href":"https:\/\/www.europesays.com\/se\/wp-json\/wp\/v2\/users\/2"}],"replies":[{"embeddable":true,"href":"https:\/\/www.europesays.com\/se\/wp-json\/wp\/v2\/comments?post=104319"}],"version-history":[{"count":0,"href":"https:\/\/www.europesays.com\/se\/wp-json\/wp\/v2\/posts\/104319\/revisions"}],"wp:featuredmedia":[{"embeddable":true,"href":"https:\/\/www.europesays.com\/se\/wp-json\/wp\/v2\/media\/104320"}],"wp:attachment":[{"href":"https:\/\/www.europesays.com\/se\/wp-json\/wp\/v2\/media?parent=104319"}],"wp:term":[{"taxonomy":"category","embeddable":true,"href":"https:\/\/www.europesays.com\/se\/wp-json\/wp\/v2\/categories?post=104319"},{"taxonomy":"post_tag","embeddable":true,"href":"https:\/\/www.europesays.com\/se\/wp-json\/wp\/v2\/tags?post=104319"}],"curies":[{"name":"wp","href":"https:\/\/api.w.org\/{rel}","templated":true}]}}