{"id":104321,"date":"2025-12-13T06:39:10","date_gmt":"2025-12-13T06:39:10","guid":{"rendered":"https:\/\/www.europesays.com\/se\/104321\/"},"modified":"2025-12-13T06:39:10","modified_gmt":"2025-12-13T06:39:10","slug":"aktivisternas-drag-tvingarmartin-att-salja-sin-skog","status":"publish","type":"post","link":"https:\/\/www.europesays.com\/se\/104321\/","title":{"rendered":"Aktivisternas drag tvingar\nMartin att s\u00e4lja sin skog"},"content":{"rendered":"<p>Martin Moraeus fick s\u00e4lja sin skog efter Naturskyddsf\u00f6reningen \u00f6verklagan. N\u00e4r politikerna duckar i skogsfr\u00e5gan f\u00e5r enskilda \u00e4gare b\u00e4ra hela risken.<\/p>\n<p><img   alt=\"\"\/><\/p>\n<p>Martin Moraeus v\u00e4ntar p\u00e5 att f\u00e5 tillst\u00e5nd att avverka sin skog.<\/p>\n<p>Foto: Kola Productions<\/p>\n<p>\u00d6ppna bild i helsk\u00e4rm<img loading=\"lazy\"   alt=\"\"\/><\/p>\n<p>Avverkning i Malmk\u00f6ping. Skogen p\u00e5 bilden tillh\u00f6r inte Martin Moraeus.<\/p>\n<p>Foto: Roger Tillberg \/ IBL<\/p>\n<p>\u00d6ppna bild i helsk\u00e4rm<\/p>\n<p>Detta \u00e4r en kr\u00f6nika fr\u00e5n Expressens ledarredaktion. Expressens politiska h\u00e5llning \u00e4r liberal.<\/p>\n<p><img   alt=\"\"\/>Patrik Kronqvist<\/p>\n<p>N\u00e5gon mil norrut fr\u00e5n Orsa, l\u00e4ngs E45 mot Sveg, ligger en fin tallskog. D\u00e4r har Martin Moraeus, 46, tillbringat or\u00e4kneliga timmar. Hans pappa k\u00f6pte skiftet p\u00e5 1970-talet och tillsammans har de gjort m\u00e5nga dagsverken i skogen.<\/p>\n<p>Numera tillh\u00f6r den Martin. F\u00f6r ett par \u00e5r sedan gjorde familjen generationsskifte av skog och jordbruk, och Martin l\u00e5nade pengar av banken f\u00f6r att kunna l\u00f6sa ut sin bror. Det var en stor investering, s\u00e5 han avs\u00e5g att avverka tallskogen f\u00f6r att klara l\u00e5nen.\u00a0<\/p>\n<p><strong>I februari i \u00e5r skickades avverkningsanm\u00e4lan in. Men Naturskyddsf\u00f6reningen \u00f6verklagade. Trots att familjen Moraeus b\u00e5de har gallrat och g\u00f6dslat sin skog framst\u00e4llde f\u00f6reningen den som en slags urskog. I v\u00e4ntan p\u00e5 att Skogsstyrelsen ska pr\u00f6va fallet igen ligger arbetet nere. Och det kan ta tid.<\/strong><\/p>\n<p>Det p\u00e5g\u00e5r en kamp om den svenska skogen. P\u00e5 ena sidan st\u00e5r mark\u00e4gare som Martin Moraeus, p\u00e5 den andra aktivister fr\u00e5n organisationer som Naturskyddsf\u00f6reningen och Greenpeace.<\/p>\n<p>Ibland sker striden ute i markerna \u2013 som i h\u00f6stas utanf\u00f6r Arjeplog, d\u00e4r Greta Thunberg var p\u00e5 plats n\u00e4r demonstranter kedjade fast sig i skogsmaskinerna.<\/p>\n<p>Men vanligare \u00e4r att kampen f\u00f6rs i domstol.<\/p>\n<p>Att f\u00e4lla skog kr\u00e4ver inte tillst\u00e5nd i Sverige. \u00c4garen beh\u00f6ver bara anm\u00e4la sina planer till Skogsstyrelsen och myndigheten fattar enbart ett formellt beslut om den anser sig tvungen att f\u00f6rbjuda hela eller delar av avverkningen.<\/p>\n<p>Men efter en dom 2020 kan naturorganisationer \u00f6verklaga ocks\u00e5 s\u00e5 kallade nollbeslut. Det har gjort att de juridiska striderna har blivit fler. P\u00e5 fyra \u00e5r har antalet \u00f6verklagade avverkningsanm\u00e4lningar \u00f6kat med 800 procent, enligt Tidningen N\u00e4ringslivet.<\/p>\n<p>Det var det som skedde i Martin Moraeus fall.\u00a0<\/p>\n<p><strong>D\u00e4r spelar tj\u00e4dern en nyckelroll. Naturskyddsf\u00f6reningens experter h\u00e4vdar att det finns en tj\u00e4derspelsplats i den skog som ska avverkas. Den expert som Moraeus anlitat h\u00e4vdar motsatsen.<\/strong><\/p>\n<p>Men oavsett vad som st\u00e4mmer fr\u00e5gar han sig varf\u00f6r det ska spela n\u00e5gon roll. Den svenska tj\u00e4derstammen \u00e4r livskraftig, varje \u00e5r skjuts rentav omkring 20 000 individer.<\/p>\n<p>\u2013 Det \u00e4r ju klart att man inte ska avverka om man riskerar att utrota n\u00e5gon art. Men ska jag g\u00e5 fr\u00e5n hus och hem f\u00f6r att n\u00e5gra tj\u00e4drar \u00e4r p\u00e5 min mark, n\u00e4r det samtidigt \u00e4r allm\u00e4n jakt? Det k\u00e4nns inte rimligt. N\u00e4r jag var uppe i min skog i somras m\u00f6tte jag tj\u00e4derj\u00e4gare d\u00e4r, s\u00e4ger Martin Moraeus \u00f6ver telefon.\u00a0<\/p>\n<p>De senaste \u00e5ren har olika EU-direktiv samt den svenska artskyddsf\u00f6rordningen kommit att tolkas allt h\u00e5rdare. Det som var t\u00e4nkt att stoppa jakt p\u00e5 vissa djur och plockning av utpekade v\u00e4xter har utvidgats till att \u00e4ven omfatta oavsiktliga ingrepp \u2013 och rentav p\u00e5verkan p\u00e5 potentiella livsmilj\u00f6er, allts\u00e5 d\u00e4r skyddade f\u00e5glar skulle kunna h\u00e4cka.<\/p>\n<p>Annons<\/p>\n<p>Det har gett aktivisterna ytterligare ett verktyg. De ger sig ut i markerna och om de hittar vanliga, men r\u00f6dlistade arter som kn\u00e4rot och lavskrika, kan det utl\u00f6sa drastiska inskr\u00e4nkningar f\u00f6r enskilda skogs\u00e4gare.<\/p>\n<blockquote><p>Skogs\u00e4gare anses f\u00e5 t\u00e5la att de f\u00f6rbjuds att bruka delar av sina marker.<\/p><\/blockquote>\n<p>Men ur ett milj\u00f6perspektiv riskerar kampen att vara kontraproduktiv. Aktivisterna s\u00e4ger sig v\u00e4rna de \u00e4ldre skogarna. Samtidigt riktar de d\u00e4rmed in sig p\u00e5 just de \u00e4gare som l\u00e5tit sina tr\u00e4d v\u00e4xa och bli gamla. I Martin Moraeus skog \u00e4r tallarna runt 135 \u00e5r.<\/p>\n<p>Om det forts\u00e4tter l\u00e4r m\u00e5nga mark\u00e4gare se till att avverka betydligt tidigare \u00e4n i dag. Och d\u00e5 kommer det att bli mer s\u00e4llsynt med \u00e4ldre skog i Sverige.<\/p>\n<p><strong>I den mediala dramaturgin framst\u00e4lls ofta kampen som en strid mellan David och Goliat, d\u00e4r aktivisterna \u00e4r David och de j\u00e4ttelika skogsbolagen Goliat. Men ofta \u00e4r de sm\u00e5 skogs\u00e4gare som hamnar i kl\u00e4m. \u00d6ver 300 000 privatpersoner \u00e4ger omkring h\u00e4lften av skogen i landet. De sl\u00e5ss knappast fr\u00e5n n\u00e5gon styrkeposition.<\/strong><\/p>\n<p>Om aktivisterna f\u00f6rlorar har de inte riskerat mer \u00e4n den egna arbetsinsatsen, skogs\u00e4garna d\u00e4remot kan st\u00e5 inf\u00f6r personlig ruin. Mark som de k\u00f6pt f\u00f6r miljontals kronor kan pl\u00f6tsligt vara mer eller mindre v\u00e4rdel\u00f6s. Och att f\u00e5 ers\u00e4ttning fr\u00e5n staten \u00e4r sv\u00e5rt, skogs\u00e4gare anses f\u00e5 t\u00e5la att de f\u00f6rbjuds att bruka delar av sina marker.<\/p>\n<p>Os\u00e4kerheten p\u00e5verkar hela bygder. Den g\u00f6r det sv\u00e5rare att bel\u00e5na mark f\u00f6r investeringar i jordbruk eller f\u00f6r att bygga nya hus. Ibland blir det rentav om\u00f6jligt att genomf\u00f6ra arvsskiften av stora g\u00e5rdar.<\/p>\n<p>H\u00e4r finns en stad-land-dimension. Samtidigt som regeringen i Stockholm underl\u00e4ttar sparande i amerikanska techbolag p\u00e5 ISK-konton, g\u00f6r man inget mot hoten mot en traditionell typ av sparande p\u00e5 landet \u2013 det i den svenska skogen.<\/p>\n<p>Skogs\u00e4gare kan drabbas h\u00e5rt \u00e4ven om de till slut f\u00e5r r\u00e4tt. Domstolarna stoppar i regel avverkningar tillf\u00e4lligt vid \u00f6verklaganden. De m\u00e5nga \u00f6verklaganden fr\u00e5n milj\u00f6organisationer har lett till l\u00e5nga v\u00e4ntetider hos Skogsstyrelsen \u2013 ofta mer \u00e4n ett \u00e5r. Hamnar avverkningsanm\u00e4lningarna i domstol kan \u00e5r av r\u00e4ttsprocesser v\u00e4nta.<\/p>\n<p><strong>Det s\u00e4tter h\u00e5rd press p\u00e5 skogs\u00e4gare. I v\u00e4ntan p\u00e5 att hans fall ska pr\u00f6vas har Martin Moraeus k\u00e4nt sig tvungen att s\u00e4lja h\u00e4lften av den skog som han tagit \u00f6ver fr\u00e5n sin far. R\u00e4ntorna p\u00e5 bankl\u00e5nen m\u00e5ste ju betalas oavsett om han kan f\u00e4lla tallskogen eller inte.<\/strong><\/p>\n<p>Mest illa ber\u00f6rd \u00e4r han av att Naturskyddsf\u00f6reningens kamp mot honom ter sig b\u00e5de personlig och politisk. Han \u00e4r ordf\u00f6rande i en lokal skogsf\u00f6rvaltning i Orsa och aktiv i LRF. Naturskyddsf\u00f6reningen har skickat in hans debattartiklar till domstolen som argument till varf\u00f6r han inte borde f\u00e5 avverka sin skog.<\/p>\n<p>Martin Moraeus k\u00e4nner flera mark\u00e4gare som har slutat debattera skogsfr\u00e5gan \u00f6ppet av r\u00e4dsla f\u00f6r att aktivister ska b\u00f6rja \u00f6verklaga deras avverkningsplaner. Vem \u00e4r Goliat i den striden?<\/p>\n<p><strong>Den svenska skogen rymmer gott om kniviga m\u00e5lkonflikter. Jobb och v\u00e4lf\u00e4rd st\u00e5r mot biologisk m\u00e5ngfald, tr\u00e4d som kols\u00e4nka st\u00e5r mot virke som kan binda koldioxid. H\u00e4r finns inga enkla svar.<\/strong><\/p>\n<p>Men regering efter regering har abdikerat fr\u00e5n uppgiften att d\u00f6ma av fr\u00e5gorna och i st\u00e4llet \u00f6verl\u00e4mnat dem till domstolarna. Och steg f\u00f6r steg har Sverige d\u00e4rmed glidit mot ett l\u00e4ge d\u00e4r privata skogs\u00e4gare st\u00e5r med all risk.<\/p>\n<p>Det borde en borgerlig regering se till att \u00e4ndra i god tid f\u00f6re valet.<\/p>\n<p>Patrik Kronqvist \u00e4r politisk redakt\u00f6r och chef f\u00f6r Expressens ledarsida. L\u00e4s fler av hans texter <a href=\"https:\/\/www.expressen.se\/av\/patrik-kronqvist\/\" rel=\"nofollow noopener\" target=\"_blank\">h\u00e4r<\/a>.<\/p>\n<p><strong>L\u00c4S MER: <\/strong><a href=\"https:\/\/www.expressen.se\/ledare\/patrik-kronqvist\/akademiseringen-ar-en-invasiv-art\/\" class=\"\" rel=\"nofollow noopener\" target=\"_blank\">Akademiseringen \u00e4r en invasiv art<\/a><strong>L\u00c4S MER: <\/strong><a href=\"https:\/\/www.expressen.se\/ledare\/patrik-kronqvist\/gunnar-strommer-slar-rekord-i-fangelse-em\/\" class=\"\" rel=\"nofollow noopener\" target=\"_blank\">Gunnar Str\u00f6mmer sl\u00e5r rekord i f\u00e4ngelse-EM<\/a><a href=\"https:\/\/www.expressen.se\/nyhetsbrev\/\" title=\"Anm\u00e4l dig till ledarbrevet\" rel=\"nofollow noopener\" target=\"_blank\"><br \/>\n  <img decoding=\"async\" style=\"max-width:100%;display:block;\" src=\"https:\/\/www.europesays.com\/se\/wp-content\/uploads\/2025\/08\/640@60.jpg\"\/><br \/>\n<\/a><\/p>\n","protected":false},"excerpt":{"rendered":"Martin Moraeus fick s\u00e4lja sin skog efter Naturskyddsf\u00f6reningen \u00f6verklagan. N\u00e4r politikerna duckar i skogsfr\u00e5gan f\u00e5r enskilda \u00e4gare b\u00e4ra&hellip;\n","protected":false},"author":2,"featured_media":104322,"comment_status":"","ping_status":"","sticky":false,"template":"","format":"standard","meta":{"footnotes":""},"categories":[65],"tags":[72,70,71,34,1358,31,33,32,30],"class_list":{"0":"post-104321","1":"post","2":"type-post","3":"status-publish","4":"format-standard","5":"has-post-thumbnail","7":"category-ekonomi","8":"tag-business","9":"tag-economy","10":"tag-ekonomi","11":"tag-se","12":"tag-sections-patrikkronqvist","13":"tag-svenska","14":"tag-sverige","15":"tag-sweden","16":"tag-swedish"},"share_on_mastodon":{"url":"https:\/\/pubeurope.com\/@se\/115710890231889792","error":""},"_links":{"self":[{"href":"https:\/\/www.europesays.com\/se\/wp-json\/wp\/v2\/posts\/104321","targetHints":{"allow":["GET"]}}],"collection":[{"href":"https:\/\/www.europesays.com\/se\/wp-json\/wp\/v2\/posts"}],"about":[{"href":"https:\/\/www.europesays.com\/se\/wp-json\/wp\/v2\/types\/post"}],"author":[{"embeddable":true,"href":"https:\/\/www.europesays.com\/se\/wp-json\/wp\/v2\/users\/2"}],"replies":[{"embeddable":true,"href":"https:\/\/www.europesays.com\/se\/wp-json\/wp\/v2\/comments?post=104321"}],"version-history":[{"count":0,"href":"https:\/\/www.europesays.com\/se\/wp-json\/wp\/v2\/posts\/104321\/revisions"}],"wp:featuredmedia":[{"embeddable":true,"href":"https:\/\/www.europesays.com\/se\/wp-json\/wp\/v2\/media\/104322"}],"wp:attachment":[{"href":"https:\/\/www.europesays.com\/se\/wp-json\/wp\/v2\/media?parent=104321"}],"wp:term":[{"taxonomy":"category","embeddable":true,"href":"https:\/\/www.europesays.com\/se\/wp-json\/wp\/v2\/categories?post=104321"},{"taxonomy":"post_tag","embeddable":true,"href":"https:\/\/www.europesays.com\/se\/wp-json\/wp\/v2\/tags?post=104321"}],"curies":[{"name":"wp","href":"https:\/\/api.w.org\/{rel}","templated":true}]}}