{"id":104323,"date":"2025-12-13T06:41:31","date_gmt":"2025-12-13T06:41:31","guid":{"rendered":"https:\/\/www.europesays.com\/se\/104323\/"},"modified":"2025-12-13T06:41:31","modified_gmt":"2025-12-13T06:41:31","slug":"fem-fackliga-nyheter-fran-veckan-som-gatt-4","status":"publish","type":"post","link":"https:\/\/www.europesays.com\/se\/104323\/","title":{"rendered":"Fem fackliga nyheter fr\u00e5n veckan som g\u00e5tt"},"content":{"rendered":"<p>Facket <b>Hotell- och restaurangfacket har valt Eva-Lotta Ramberg till f\u00f6rbundsordf\u00f6rande, Teslaarbeten p\u00e5 skadeverkstad stoppas och jobbkrisen h\u00e5ller i sig trots \u00e5terh\u00e4mtning, enligt LO-ekonomernas nya rapport. H\u00e4r \u00e4r fem fackliga nyheter fr\u00e5n veckan som g\u00e5tt.\u00a0<\/b><\/p>\n<p><b>LO: Jobbkris trots \u00e5terh\u00e4mtning<\/b><\/p>\n<p>\u00c5terh\u00e4mtningen i den svenska ekonomin \u00e4r h\u00e4r och drivs bland annat av h\u00f6ga reall\u00f6ne\u00f6kningar. Den bed\u00f6mningen g\u00f6r LO-ekonomerna i rapporten \u201dJobbkris trots \u00e5terh\u00e4mtning\u201d som presenterades under fredagen. I rapporten bed\u00f6mer de att BNP kommer att v\u00e4xa med 2,8 procent 2026. Dock v\u00e4ntas arbetsl\u00f6sheten fortsatt vara h\u00f6g och enbart sjunka fr\u00e5n 8,8 procent i \u00e5r till 8,6 procent n\u00e4sta \u00e5r. LO-ekonomerna skriver i ett pressmeddelande att utvecklingen g\u00e5r alldeles f\u00f6r l\u00e5ngsamt och att det beh\u00f6vs mer effektiva \u00e5tg\u00e4rder f\u00f6r att fler ska f\u00e5 jobb.\u00a0<\/p>\n<p><b>HRF:s f\u00f6rbundsordf\u00f6rande vald<\/b><\/p>\n<p>Den 5-7 december h\u00f6ll Hotell- och restaurangfacket (HRF) sin 30:e kongress, d\u00e4r de valde Eva-Lotta Ramberg till f\u00f6rbundsordf\u00f6rande. Hon har varit ordf\u00f6rande f\u00f6r f\u00f6rbundet sedan f\u00f6rra \u00e5ret, d\u00e5 hon tog \u00f6ver efter en kris i ledningen. Men nu \u00e4r hon allts\u00e5 vald \u201dp\u00e5 riktigt\u201d.\u00a0<\/p>\n<p>\u2013 Jag \u00e4r glad och samtidigt \u00f6dmjuk inf\u00f6r det f\u00f6rtroende och det uppdrag som kongressen har gett mig. Glad f\u00f6r att jag har f\u00e5tt medlemmarnas f\u00f6rtroende att leda f\u00f6rbundet och \u00f6dmjuk inf\u00f6r uppdragets tyngd och sv\u00e5righetsgrad. Jag ser fram emot att tillsammans med mina v\u00e4nner i ledningen f\u00f6ra in HRF in i framtiden, en framtid som har m\u00e5nga utmaningar men ocks\u00e5 m\u00e5nga m\u00f6jligheter, s\u00e4ger Eva-Lotta Ramberg i ett pressmeddelande.<\/p>\n<p><b>Teslakonflikten trappas upp<\/b><\/p>\n<p>Den 19 december 2025 tr\u00e4der en ny konflikt\u00e5tg\u00e4rd mot Tesla i kraft. Det r\u00f6r arbeten p\u00e5 skadeverkstaden Belami pl\u00e5t &amp; Lack AB i Link\u00f6ping och Norrk\u00f6ping. Varslet omfattar total arbetsnedl\u00e4ggelse och blockad av allt arbete som best\u00e4lls eller har best\u00e4llts av TM Sweden AB, det vill s\u00e4ga Tesla Sverige, p\u00e5 Teslas egna bilar. Det g\u00e4ller ocks\u00e5 arbete som t\u00e4cks av fabriksgaranti och transportskador p\u00e5 Teslabilar.\u00a0<\/p>\n<p><b>\u00d6kade l\u00f6neklyftor\u00a0<\/b><\/p>\n<p><a href=\"https:\/\/www.dagensarena.se\/innehall\/vd-lonerna-handeln-rusar-anstallda-halkar-efter\/\" rel=\"nofollow noopener\" target=\"_blank\">L\u00f6neklyftorna i handeln forts\u00e4tter att v\u00e4xa<\/a>. Under 2024 \u00f6kade vd-l\u00f6nerna betydligt snabbare \u00e4n de anst\u00e4lldas l\u00f6ner. Det visar en ny unders\u00f6kning av fackf\u00f6rbundet Handels. Vd:arnas inkomster \u00f6kade i snitt med 12 procent medan anst\u00e4llda i detaljhandeln fick en l\u00f6ne\u00f6kning p\u00e5 3,9 procent. Det motsvarar 1100 kronor i m\u00e5naden f\u00f6r en heltidsanst\u00e4lld och 850 kronor f\u00f6r en deltidsanst\u00e4lld p\u00e5 30 timmar i veckan.<\/p>\n<p>\u2013 Det \u00e4r en l\u00f6neutveckling utan motstycke och kan inte f\u00f6rklaras p\u00e5 n\u00e5got ekonomiskt rationellt s\u00e4tt, s\u00e4ger Stefan Carl\u00e9n, chefsekonom p\u00e5 Handels.<\/p>\n<p><b>Brister i fallskydd<\/b><\/p>\n<p>I slutet av oktober genomf\u00f6rde fackf\u00f6rbundet Byggnads skyddsronder p\u00e5 \u00f6ver 1700 arbetsplatser. I och med att fallolyckor \u00e4r den vanligaste arbetsplatsolyckan i Sverige och byggbranschen \u00e4r extra h\u00e5rt drabbad, var fokus p\u00e5 fallrisker. Resultatet visar p\u00e5 allvarliga brister. 82 procent av arbetsplatserna hade n\u00e5gon form av brist i arbetet mot fallolyckor och vid \u00f6ver h\u00e4lften av de granskade arbetsplatserna har inte lokala skyddsombud involverats i riskbed\u00f6mningsarbetet innan projektet startade. Men allt var inte negativt. Skyddsronderna visade till exempel ett gott resultat g\u00e4llande uppr\u00e4ttandet av byggnadsst\u00e4llningar.\u00a0<\/p>\n<p><b>Tuva Thell<\/b><\/p>\n","protected":false},"excerpt":{"rendered":"Facket Hotell- och restaurangfacket har valt Eva-Lotta Ramberg till f\u00f6rbundsordf\u00f6rande, Teslaarbeten p\u00e5 skadeverkstad stoppas och jobbkrisen h\u00e5ller i&hellip;\n","protected":false},"author":2,"featured_media":104324,"comment_status":"","ping_status":"","sticky":false,"template":"","format":"standard","meta":{"footnotes":""},"categories":[12],"tags":[22,23,26,27,17,21,24,25,28,29,15,16,18,34,31,33,32,30,19,20],"class_list":{"0":"post-104323","1":"post","2":"type-post","3":"status-publish","4":"format-standard","5":"has-post-thumbnail","7":"category-sverige","8":"tag-breaking-news","9":"tag-breakingnews","10":"tag-featured-news","11":"tag-featurednews","12":"tag-headlines","13":"tag-huvudnyheter","14":"tag-latest-news","15":"tag-latestnews","16":"tag-main-news","17":"tag-mainnews","18":"tag-news","19":"tag-nyheter","20":"tag-rubriker","21":"tag-se","22":"tag-svenska","23":"tag-sverige","24":"tag-sweden","25":"tag-swedish","26":"tag-top-stories","27":"tag-topstories"},"share_on_mastodon":{"url":"https:\/\/pubeurope.com\/@se\/115710897833544206","error":""},"_links":{"self":[{"href":"https:\/\/www.europesays.com\/se\/wp-json\/wp\/v2\/posts\/104323","targetHints":{"allow":["GET"]}}],"collection":[{"href":"https:\/\/www.europesays.com\/se\/wp-json\/wp\/v2\/posts"}],"about":[{"href":"https:\/\/www.europesays.com\/se\/wp-json\/wp\/v2\/types\/post"}],"author":[{"embeddable":true,"href":"https:\/\/www.europesays.com\/se\/wp-json\/wp\/v2\/users\/2"}],"replies":[{"embeddable":true,"href":"https:\/\/www.europesays.com\/se\/wp-json\/wp\/v2\/comments?post=104323"}],"version-history":[{"count":0,"href":"https:\/\/www.europesays.com\/se\/wp-json\/wp\/v2\/posts\/104323\/revisions"}],"wp:featuredmedia":[{"embeddable":true,"href":"https:\/\/www.europesays.com\/se\/wp-json\/wp\/v2\/media\/104324"}],"wp:attachment":[{"href":"https:\/\/www.europesays.com\/se\/wp-json\/wp\/v2\/media?parent=104323"}],"wp:term":[{"taxonomy":"category","embeddable":true,"href":"https:\/\/www.europesays.com\/se\/wp-json\/wp\/v2\/categories?post=104323"},{"taxonomy":"post_tag","embeddable":true,"href":"https:\/\/www.europesays.com\/se\/wp-json\/wp\/v2\/tags?post=104323"}],"curies":[{"name":"wp","href":"https:\/\/api.w.org\/{rel}","templated":true}]}}