{"id":104330,"date":"2025-12-13T06:49:14","date_gmt":"2025-12-13T06:49:14","guid":{"rendered":"https:\/\/www.europesays.com\/se\/104330\/"},"modified":"2025-12-13T06:49:14","modified_gmt":"2025-12-13T06:49:14","slug":"nio-viltolyckor-manar-till-forsiktighet-vasterbottens-kuriren","status":"publish","type":"post","link":"https:\/\/www.europesays.com\/se\/104330\/","title":{"rendered":"Nio viltolyckor \u2013 \u201dManar till f\u00f6rsiktighet\u201d &#8211; V\u00e4sterbottens-Kuriren"},"content":{"rendered":"<ol>\n<li><a href=\"https:\/\/news.google.com\/rss\/articles\/CBMif0FVX3lxTE1WRTQ5bDQydEMtaUVzejNFRnpyUmRNWTREdGhJVjlrYlZIZVRYWGliY2tQbXVZeExrTkFudHQ0MWF4UjB3cnJXZGtBQ194djdYVFQ1REZjblJ0LUh4R2s2N1EzeVNWRGs3c0tTVHR1U3kyUER5TWJLWEdvMDB6NEk?oc=5\" target=\"_blank\" rel=\"nofollow noopener\">Nio viltolyckor \u2013 \u201dManar till f\u00f6rsiktighet\u201d<\/a>&nbsp;&nbsp;V\u00e4sterbottens-Kuriren<\/li>\n<li><a href=\"https:\/\/news.google.com\/rss\/articles\/CBMiuAFBVV95cUxPcXY1V1JlUGUtbkJGN3dVWlVqbG5Nb1hvMUhvSHhacU55QmM3UElWOHZ6Wk5VMzJfZTZrTDAyNWJpeElPeHl2ejhQckM0Mmh6dENvQTRsT2hPTmxkZ1hINXFPLTZOMU1sX005MWMzMmJMOHpQekZUQjNJRE5JUGJLa0dVRGszY01mWFlsejNmXzRFYzZkWHkxNUVCeVB1MVFDc2VBdDI1aGc0Ny1KekJlSllQWi1MTmFo?oc=5\" target=\"_blank\" rel=\"nofollow noopener\">21 viltolyckor i Norr- och V\u00e4sterbotten \u2013 p\u00e5 drygt fyra timmar<\/a>&nbsp;&nbsp;Norran<\/li>\n<li><a href=\"https:\/\/news.google.com\/rss\/articles\/CBMiqAFBVV95cUxOSXNBbjQ1Z1NmUTdmNEtxaXlaUTM5LTFOMEpmcTRIZ2Z2dFF2ZkhIVWFvRHF5cHJ5ZmxiSkRCMUUwcUVDODdUZWQxQ1JMamlQZ2JNR2tIOWpjMWhrbDV1Vk5YeWxyX3JaZHlIb3NvMFNPbGZkSnhTSmZ1RGpDa2pJakVqUnktREJ1VHZ3T2RlTmYxYVVwUmItV0RnRFFPNk1zRFNjTjg3eXU?oc=5\" target=\"_blank\" rel=\"nofollow noopener\">Tolv viltolyckor under fredagen \u2013 polisens uppmaning<\/a>&nbsp;&nbsp;NSD<\/li>\n<li><a href=\"https:\/\/news.google.com\/rss\/articles\/CBMijgFBVV95cUxQdWNvYVhxQVNvSk9JUm5YN1gxWG9vV3l4VERLajhqemVmdTF3VWcxR29taEhyLXVJZ19uTFhQUHZlbjFlZ1BvX1pDOURqOXQwbzNSb21rX2FpMHhOdnhUR1BJNVpTc25vODdMYkZhT3haNFBCaUxnQWItZ0gzdGhDZTRKUV9qY2k1b1Itd0J3?oc=5\" target=\"_blank\" rel=\"nofollow noopener\">Polisen varnar f\u00f6r viltolyckor<\/a>&nbsp;&nbsp;Tidningen \u00c5ngermanland<\/li>\n<li><a href=\"https:\/\/news.google.com\/rss\/articles\/CBMiUkFVX3lxTE5iaklTeVJiWE9SeDdvR0sxNHNmUEVzZXhNZzN0VFhYQ3BtY3lhQ2Q4NF9jcGtqUC1vM1FXUVBCZnd3VndrR2JmZ2ozbjQ0VWlqQWc?oc=5\" target=\"_blank\" rel=\"nofollow noopener\">M\u00e5nga viltolyckor i V\u00e5rg\u00e5rda f\u00f6rra veckan<\/a>&nbsp;&nbsp;Newsworthy<\/li>\n<\/ol>\n","protected":false},"excerpt":{"rendered":"Nio viltolyckor \u2013 \u201dManar till f\u00f6rsiktighet\u201d&nbsp;&nbsp;V\u00e4sterbottens-Kuriren 21 viltolyckor i Norr- och V\u00e4sterbotten \u2013 p\u00e5 drygt fyra timmar&nbsp;&nbsp;Norran Tolv&hellip;\n","protected":false},"author":2,"featured_media":104331,"comment_status":"","ping_status":"","sticky":false,"template":"","format":"standard","meta":{"footnotes":""},"categories":[12],"tags":[22,23,26,27,17,21,24,25,28,29,15,16,18,34,31,33,32,30,19,20],"class_list":{"0":"post-104330","1":"post","2":"type-post","3":"status-publish","4":"format-standard","5":"has-post-thumbnail","7":"category-sverige","8":"tag-breaking-news","9":"tag-breakingnews","10":"tag-featured-news","11":"tag-featurednews","12":"tag-headlines","13":"tag-huvudnyheter","14":"tag-latest-news","15":"tag-latestnews","16":"tag-main-news","17":"tag-mainnews","18":"tag-news","19":"tag-nyheter","20":"tag-rubriker","21":"tag-se","22":"tag-svenska","23":"tag-sverige","24":"tag-sweden","25":"tag-swedish","26":"tag-top-stories","27":"tag-topstories"},"share_on_mastodon":{"url":"https:\/\/pubeurope.com\/@se\/115710929320095561","error":""},"_links":{"self":[{"href":"https:\/\/www.europesays.com\/se\/wp-json\/wp\/v2\/posts\/104330","targetHints":{"allow":["GET"]}}],"collection":[{"href":"https:\/\/www.europesays.com\/se\/wp-json\/wp\/v2\/posts"}],"about":[{"href":"https:\/\/www.europesays.com\/se\/wp-json\/wp\/v2\/types\/post"}],"author":[{"embeddable":true,"href":"https:\/\/www.europesays.com\/se\/wp-json\/wp\/v2\/users\/2"}],"replies":[{"embeddable":true,"href":"https:\/\/www.europesays.com\/se\/wp-json\/wp\/v2\/comments?post=104330"}],"version-history":[{"count":0,"href":"https:\/\/www.europesays.com\/se\/wp-json\/wp\/v2\/posts\/104330\/revisions"}],"wp:featuredmedia":[{"embeddable":true,"href":"https:\/\/www.europesays.com\/se\/wp-json\/wp\/v2\/media\/104331"}],"wp:attachment":[{"href":"https:\/\/www.europesays.com\/se\/wp-json\/wp\/v2\/media?parent=104330"}],"wp:term":[{"taxonomy":"category","embeddable":true,"href":"https:\/\/www.europesays.com\/se\/wp-json\/wp\/v2\/categories?post=104330"},{"taxonomy":"post_tag","embeddable":true,"href":"https:\/\/www.europesays.com\/se\/wp-json\/wp\/v2\/tags?post=104330"}],"curies":[{"name":"wp","href":"https:\/\/api.w.org\/{rel}","templated":true}]}}