{"id":104344,"date":"2025-12-13T07:06:09","date_gmt":"2025-12-13T07:06:09","guid":{"rendered":"https:\/\/www.europesays.com\/se\/104344\/"},"modified":"2025-12-13T07:06:09","modified_gmt":"2025-12-13T07:06:09","slug":"maj-sundquist-koper-inte-exmissens-ursakt-men-valkomnar-diskussion-om-rasism-mot-asiater-inrikes","status":"publish","type":"post","link":"https:\/\/www.europesays.com\/se\/104344\/","title":{"rendered":"Maj Sundquist k\u00f6per inte exmissens urs\u00e4kt, men v\u00e4lkomnar diskussion om rasism mot asiater | Inrikes"},"content":{"rendered":"<p class=\"aw-1gybjub aw-5vja16 kEtdKx kmuxyA yle__article__paragraph\">Det finns f\u00f6r lite f\u00f6rst\u00e5else f\u00f6r vilken effekt rasistiska gester kan ha p\u00e5 dem som uts\u00e4tts f\u00f6r dem, s\u00e4ger Maj Sundquist som \u00e4r adopterad fr\u00e5n Kina.<\/p>\n<p><img decoding=\"async\" alt=\"En selfie p\u00e5 Maj Sundquist.\" src=\"https:\/\/www.europesays.com\/se\/wp-content\/uploads\/2025\/12\/39-1568981693c19878230a.jpeg\" class=\"aw-1l9m598 hKVVvP\"\/><\/p>\n<p>\u00d6ppna bildvisare<\/p>\n<p>Maj Sundquist tycker Sarah Dzafce som offentlig person b\u00e4r ett st\u00f6rre ansvar f\u00f6r hurdana bilder som tas p\u00e5 henne \u00e4n andra. Bild: Maj SundquistLyssna (du h\u00f6r en artificiell r\u00f6st) 2:10<\/p>\n<p class=\"aw-1gybjub aw-1p7kakr kEtdKx cEmitX yle__article__paragraph\"><strong class=\"aw-ak79eh KyCXm yle__article__strong\">Sarah Dzafce<\/strong> miste sin Miss Finland-titel efter att en bild d\u00e4r hon drar ut sina \u00f6gon \u00e5t sidorna f\u00f6r att imitera asiatiska \u00f6gon spreds p\u00e5 sociala medier.<\/p>\n<p class=\"aw-1gybjub aw-1p7kakr kEtdKx cEmitX yle__article__paragraph\">Sannfinl\u00e4ndarna gick snabbt i g\u00e5ng p\u00e5 att visa sitt st\u00f6d f\u00f6r Dzafce, samtidigt som flera finl\u00e4ndska profiler med asiatisk bakgrund kritiserade henne starkt.<\/p>\n<p class=\"aw-1gybjub aw-1p7kakr kEtdKx cEmitX yle__article__paragraph\"><strong class=\"aw-ak79eh KyCXm yle__article__strong\">Maj Sundquist<\/strong>, som kommer fr\u00e5n Helsingfors och \u00e4r adopterad fr\u00e5n Kina, beskriver fallet som j\u00e4tteledsamt, inte minst med tanke p\u00e5 att Miss Finland borde fungera som f\u00f6rebild f\u00f6r andra.<\/p>\n<p class=\"aw-1gybjub aw-1p7kakr kEtdKx cEmitX yle__article__paragraph\">\u2013 Det \u00e4r h\u00e4pnadsv\u00e4ckande att en vuxen person g\u00f6r n\u00e5got som det h\u00e4r som ett sk\u00e4mt. Jag har sj\u00e4lv blivit utsatt f\u00f6r liknande saker n\u00e4r jag var liten, men d\u00e5 var det barn som gjorde det, s\u00e4ger Sundquist.<\/p>\n<p class=\"aw-1gybjub aw-1p7kakr kEtdKx cEmitX yle__article__paragraph\">Hon ber\u00e4ttar att varken hon eller hennes v\u00e4nner med kinesiskt ursprung nuf\u00f6rtiden st\u00f6ter p\u00e5 mycket rasism mot asiater, men att det fortfarande h\u00e4nder att m\u00e4nniskor fr\u00e5gar varifr\u00e5n hon \u201dp\u00e5 riktigt\u201d kommer n\u00e4r hon s\u00e4ger att hon kommer fr\u00e5n Helsingfors.<\/p>\n<p class=\"aw-1gybjub aw-1p7kakr kEtdKx cEmitX yle__article__paragraph\">\u2013 Jag kommer fr\u00e5n Finland, s\u00e5 det k\u00e4nns nog lite konstigt. Man blir ledsen och b\u00f6rjar fundera p\u00e5 om man \u00e4r annorlunda, och ifall det \u00e4r n\u00e5got d\u00e5ligt med det, s\u00e4ger hon.<\/p>\n<p><img decoding=\"async\" alt=\"En kvinna med l\u00e5ngt brunt h\u00e5r och krona p\u00e5 huvudet ler och tittar in i kameran. Hon h\u00e5ller i en stor bukett blommor och en pokal.\" src=\"https:\/\/www.europesays.com\/se\/wp-content\/uploads\/2025\/12\/39-1567956693a9514cef40.jpeg\" loading=\"lazy\" class=\"aw-1l9m598 hKVVvP\"\/><\/p>\n<p>\u00d6ppna bildvisare<\/p>\n<p>Skandalen kring Sarah Dzafce ledde till att hon blev den f\u00f6rsta Miss Finland-vinnaren som blev av med sin titel. Bild: Tomi Natri \/ AOP\u201dMan skrattar \u00e5t oss, inte med oss\u201d<\/p>\n<p class=\"aw-1gybjub aw-1p7kakr kEtdKx cEmitX yle__article__paragraph\">Sundquist riktar nu h\u00e5rd kritik mot exmissen Sarah Dzafce, och hon s\u00e4ger att hon blev s\u00e4rskilt besviken p\u00e5 hur Dzafce reagerade n\u00e4r skandalen blev k\u00e4nd.<\/p>\n<p class=\"aw-1gybjub aw-1p7kakr kEtdKx cEmitX yle__article__paragraph\">\u2013 Hon bad om urs\u00e4kt f\u00f6rst flera dagar efter att bilden b\u00f6rjade spridas, s\u00e5 n\u00e4r urs\u00e4kten v\u00e4l kom s\u00e5 k\u00e4ndes den inte lika genuin, s\u00e4ger Sundquist.<\/p>\n<p class=\"aw-1gybjub aw-1p7kakr kEtdKx cEmitX yle__article__paragraph\">\u2013 Jag tycker \u00e4nd\u00e5 att det \u00e4r j\u00e4ttebra att det har blivit en diskussion om det hela och att man uppm\u00e4rksammar att den h\u00e4r sortens beteende inte \u00e4r okej, till\u00e4gger hon.<\/p>\n<p class=\"aw-1gybjub aw-1p7kakr kEtdKx cEmitX yle__article__paragraph\">Samtidigt s\u00e4ger hon att det \u00e4r f\u00f6rst\u00e5eligt att m\u00e5nga helt enkelt inte f\u00f6rst\u00e5r hur det k\u00e4nns att bli utsatt f\u00f6r rasism.<\/p>\n<p class=\"aw-1gybjub aw-1p7kakr kEtdKx cEmitX yle__article__paragraph\">\u2013 Att str\u00e4cka p\u00e5 sina \u00f6gon p\u00e5 det d\u00e4r s\u00e4ttet har historiskt sett anv\u00e4nts f\u00f6r att h\u00e5na asiater f\u00f6r att v\u00e5ra \u00f6gon ser ut som de g\u00f6r. Man g\u00f6r det f\u00f6r att skratta \u00e5t oss, inte med oss, s\u00e4ger Sundquist.<\/p>\n","protected":false},"excerpt":{"rendered":"Det finns f\u00f6r lite f\u00f6rst\u00e5else f\u00f6r vilken effekt rasistiska gester kan ha p\u00e5 dem som uts\u00e4tts f\u00f6r dem,&hellip;\n","protected":false},"author":2,"featured_media":104345,"comment_status":"","ping_status":"","sticky":false,"template":"","format":"standard","meta":{"footnotes":""},"categories":[5],"tags":[22,23,11165,26,27,684,17,21,683,24,25,28,29,11774,15,16,3778,18,11759,34,636,31,33,32,30,19,20],"class_list":{"0":"post-104344","1":"post","2":"type-post","3":"status-publish","4":"format-standard","5":"has-post-thumbnail","7":"category-rubriker","8":"tag-breaking-news","9":"tag-breakingnews","10":"tag-diskriminering","11":"tag-featured-news","12":"tag-featurednews","13":"tag-finland","14":"tag-headlines","15":"tag-huvudnyheter","16":"tag-inrikes","17":"tag-latest-news","18":"tag-latestnews","19":"tag-main-news","20":"tag-mainnews","21":"tag-miss-finland","22":"tag-news","23":"tag-nyheter","24":"tag-rasism","25":"tag-rubriker","26":"tag-sarah-dzafce","27":"tag-se","28":"tag-sociala-medier","29":"tag-svenska","30":"tag-sverige","31":"tag-sweden","32":"tag-swedish","33":"tag-top-stories","34":"tag-topstories"},"share_on_mastodon":{"url":"https:\/\/pubeurope.com\/@se\/115710996352491326","error":""},"_links":{"self":[{"href":"https:\/\/www.europesays.com\/se\/wp-json\/wp\/v2\/posts\/104344","targetHints":{"allow":["GET"]}}],"collection":[{"href":"https:\/\/www.europesays.com\/se\/wp-json\/wp\/v2\/posts"}],"about":[{"href":"https:\/\/www.europesays.com\/se\/wp-json\/wp\/v2\/types\/post"}],"author":[{"embeddable":true,"href":"https:\/\/www.europesays.com\/se\/wp-json\/wp\/v2\/users\/2"}],"replies":[{"embeddable":true,"href":"https:\/\/www.europesays.com\/se\/wp-json\/wp\/v2\/comments?post=104344"}],"version-history":[{"count":0,"href":"https:\/\/www.europesays.com\/se\/wp-json\/wp\/v2\/posts\/104344\/revisions"}],"wp:featuredmedia":[{"embeddable":true,"href":"https:\/\/www.europesays.com\/se\/wp-json\/wp\/v2\/media\/104345"}],"wp:attachment":[{"href":"https:\/\/www.europesays.com\/se\/wp-json\/wp\/v2\/media?parent=104344"}],"wp:term":[{"taxonomy":"category","embeddable":true,"href":"https:\/\/www.europesays.com\/se\/wp-json\/wp\/v2\/categories?post=104344"},{"taxonomy":"post_tag","embeddable":true,"href":"https:\/\/www.europesays.com\/se\/wp-json\/wp\/v2\/tags?post=104344"}],"curies":[{"name":"wp","href":"https:\/\/api.w.org\/{rel}","templated":true}]}}