{"id":104350,"date":"2025-12-13T07:13:17","date_gmt":"2025-12-13T07:13:17","guid":{"rendered":"https:\/\/www.europesays.com\/se\/104350\/"},"modified":"2025-12-13T07:13:17","modified_gmt":"2025-12-13T07:13:17","slug":"21-viltolyckor-i-norr-och-vasterbotten-pa-drygt-fyra-timmar","status":"publish","type":"post","link":"https:\/\/www.europesays.com\/se\/104350\/","title":{"rendered":"21 viltolyckor i Norr- och V\u00e4sterbotten \u2013 p\u00e5 drygt fyra timmar"},"content":{"rendered":"<p>Vid en av olyckorna, en \u00e4lgkrock i Bodens kommun, skadades en kvinna i 45-\u00e5rs\u00e5ldern lindrigt, rapporterar NSD.Inga personskador har rapporterats vid \u00f6vriga viltolyckor, enligt polisen. \u201dTa varningsm\u00e4rken f\u00f6r vilt p\u00e5 allvar. Var s\u00e4rskilt uppm\u00e4rksam under gryning och skymning\u201d, skriver polisen p\u00e5 sin hemsida.ListaAlla 21 viltolyckor:14.48: E4 Sangis, Kalix kommun14.50: <\/p>\n","protected":false},"excerpt":{"rendered":"Vid en av olyckorna, en \u00e4lgkrock i Bodens kommun, skadades en kvinna i 45-\u00e5rs\u00e5ldern lindrigt, rapporterar NSD.Inga personskador&hellip;\n","protected":false},"author":2,"featured_media":104351,"comment_status":"","ping_status":"","sticky":false,"template":"","format":"standard","meta":{"footnotes":""},"categories":[12],"tags":[22,23,26,27,17,21,24,25,28,29,15,16,18,34,31,33,32,30,19,20],"class_list":{"0":"post-104350","1":"post","2":"type-post","3":"status-publish","4":"format-standard","5":"has-post-thumbnail","7":"category-sverige","8":"tag-breaking-news","9":"tag-breakingnews","10":"tag-featured-news","11":"tag-featurednews","12":"tag-headlines","13":"tag-huvudnyheter","14":"tag-latest-news","15":"tag-latestnews","16":"tag-main-news","17":"tag-mainnews","18":"tag-news","19":"tag-nyheter","20":"tag-rubriker","21":"tag-se","22":"tag-svenska","23":"tag-sverige","24":"tag-sweden","25":"tag-swedish","26":"tag-top-stories","27":"tag-topstories"},"share_on_mastodon":{"url":"https:\/\/pubeurope.com\/@se\/115711023772983342","error":""},"_links":{"self":[{"href":"https:\/\/www.europesays.com\/se\/wp-json\/wp\/v2\/posts\/104350","targetHints":{"allow":["GET"]}}],"collection":[{"href":"https:\/\/www.europesays.com\/se\/wp-json\/wp\/v2\/posts"}],"about":[{"href":"https:\/\/www.europesays.com\/se\/wp-json\/wp\/v2\/types\/post"}],"author":[{"embeddable":true,"href":"https:\/\/www.europesays.com\/se\/wp-json\/wp\/v2\/users\/2"}],"replies":[{"embeddable":true,"href":"https:\/\/www.europesays.com\/se\/wp-json\/wp\/v2\/comments?post=104350"}],"version-history":[{"count":0,"href":"https:\/\/www.europesays.com\/se\/wp-json\/wp\/v2\/posts\/104350\/revisions"}],"wp:featuredmedia":[{"embeddable":true,"href":"https:\/\/www.europesays.com\/se\/wp-json\/wp\/v2\/media\/104351"}],"wp:attachment":[{"href":"https:\/\/www.europesays.com\/se\/wp-json\/wp\/v2\/media?parent=104350"}],"wp:term":[{"taxonomy":"category","embeddable":true,"href":"https:\/\/www.europesays.com\/se\/wp-json\/wp\/v2\/categories?post=104350"},{"taxonomy":"post_tag","embeddable":true,"href":"https:\/\/www.europesays.com\/se\/wp-json\/wp\/v2\/tags?post=104350"}],"curies":[{"name":"wp","href":"https:\/\/api.w.org\/{rel}","templated":true}]}}