{"id":104361,"date":"2025-12-13T07:26:13","date_gmt":"2025-12-13T07:26:13","guid":{"rendered":"https:\/\/www.europesays.com\/se\/104361\/"},"modified":"2025-12-13T07:26:13","modified_gmt":"2025-12-13T07:26:13","slug":"dog-av-resistent-bakterie-stadning-pekas-ut","status":"publish","type":"post","link":"https:\/\/www.europesays.com\/se\/104361\/","title":{"rendered":"Dog av resistent bakterie \u2013 st\u00e4dning pekas ut"},"content":{"rendered":"<p>share-arrowDela<\/p>\n<p>unsaveSpara<\/p>\n<p>expand-left<\/p>\n<p>helsk\u00e4rm<img decoding=\"async\" class=\"image-asset hyperion-css-u06ts1\" data-test-tag=\"image-asset\" src=\"https:\/\/www.europesays.com\/se\/wp-content\/uploads\/2025\/12\/bad61f65-a252-4d85-bd28-94d7199f1806\"  alt=\"Sjukhuset anm\u00e4ler sig sj\u00e4lva till Ivo, enligt Lex Maria. Arkivbild.\"  loading=\"eager\" fetchpriority=\"high\" style=\"aspect-ratio:1900 \/ 1267\"\/>Sjukhuset anm\u00e4ler sig sj\u00e4lva till Ivo, enligt Lex Maria. Arkivbild. Foto: Bj\u00f6rn Larsson Rosvall\/TT<\/p>\n<p class=\"hyperion-css-1shl3oz\" data-test-tag=\"lead-text\">En ung kvinna dog efter att ha smittats av en multiresistent bakterie p\u00e5 Sahlgrenska universitetssjukhuset, skriver G\u00f6teborgs-Posten. Flera brister pekas nu ut.<\/p>\n<p class=\"hyperion-css-1v9qo5x\">Smittoutbrottet av vancomycinresistenta enterokocker (VRE) p\u00e5gick p\u00e5 20 olika enheter p\u00e5 Sahlgrenska fr\u00e5n augusti 2024 till augusti 2025.<\/p>\n<p class=\"hyperion-css-1v9qo5x\">Tio personer fick en klinisk VRE-infektion, flera av dem avled. Bland annat en \u00e4ldre man och en ung kvinna. Sammanlagt drabbades 176 patienter.<\/p>\n<p class=\"hyperion-css-1v9qo5x\">Nu anm\u00e4ler sjukhuset sig sj\u00e4lva till Inspektionen f\u00f6r v\u00e5rd och omsorg (Ivo), enligt Lex Maria, och pekar ut flera brister.<\/p>\n<p class=\"hyperion-css-1v9qo5x\">En internutredning pekar p\u00e5 bristande arbetss\u00e4tt, rutiner och riktlinjer som ska g\u00f6ra v\u00e5rden mer hygienisk. St\u00e4dning av sjukhusets toaletter har skett f\u00f6r s\u00e4llan och med bristande kunskaper hos personalen, bland annat.<\/p>\n<p class=\"hyperion-css-1v9qo5x\">Arbetet med minskad bel\u00e4ggning och b\u00e4ttre hygienrutiner ska nu intensifieras, enligt chefl\u00e4karen Magnus Brink.<\/p>\n<p class=\"hyperion-css-1v9qo5x\">\u2013 Jag v\u00e4rjer mig mot bilden av att Sahlgrenska skulle vara n\u00e5got slags snusksjukhus, s\u00e4ger han till GP.<\/p>\n","protected":false},"excerpt":{"rendered":"share-arrowDela unsaveSpara expand-left helsk\u00e4rmSjukhuset anm\u00e4ler sig sj\u00e4lva till Ivo, enligt Lex Maria. Arkivbild. Foto: Bj\u00f6rn Larsson Rosvall\/TT En&hellip;\n","protected":false},"author":2,"featured_media":104362,"comment_status":"","ping_status":"","sticky":false,"template":"","format":"standard","meta":{"footnotes":""},"categories":[69],"tags":[113,112,34,31,33,32,30],"class_list":{"0":"post-104361","1":"post","2":"type-post","3":"status-publish","4":"format-standard","5":"has-post-thumbnail","7":"category-halsa","8":"tag-halsa","9":"tag-health","10":"tag-se","11":"tag-svenska","12":"tag-sverige","13":"tag-sweden","14":"tag-swedish"},"share_on_mastodon":{"url":"https:\/\/pubeurope.com\/@se\/115711075203898839","error":""},"_links":{"self":[{"href":"https:\/\/www.europesays.com\/se\/wp-json\/wp\/v2\/posts\/104361","targetHints":{"allow":["GET"]}}],"collection":[{"href":"https:\/\/www.europesays.com\/se\/wp-json\/wp\/v2\/posts"}],"about":[{"href":"https:\/\/www.europesays.com\/se\/wp-json\/wp\/v2\/types\/post"}],"author":[{"embeddable":true,"href":"https:\/\/www.europesays.com\/se\/wp-json\/wp\/v2\/users\/2"}],"replies":[{"embeddable":true,"href":"https:\/\/www.europesays.com\/se\/wp-json\/wp\/v2\/comments?post=104361"}],"version-history":[{"count":0,"href":"https:\/\/www.europesays.com\/se\/wp-json\/wp\/v2\/posts\/104361\/revisions"}],"wp:featuredmedia":[{"embeddable":true,"href":"https:\/\/www.europesays.com\/se\/wp-json\/wp\/v2\/media\/104362"}],"wp:attachment":[{"href":"https:\/\/www.europesays.com\/se\/wp-json\/wp\/v2\/media?parent=104361"}],"wp:term":[{"taxonomy":"category","embeddable":true,"href":"https:\/\/www.europesays.com\/se\/wp-json\/wp\/v2\/categories?post=104361"},{"taxonomy":"post_tag","embeddable":true,"href":"https:\/\/www.europesays.com\/se\/wp-json\/wp\/v2\/tags?post=104361"}],"curies":[{"name":"wp","href":"https:\/\/api.w.org\/{rel}","templated":true}]}}