{"id":104383,"date":"2025-12-13T07:58:07","date_gmt":"2025-12-13T07:58:07","guid":{"rendered":"https:\/\/www.europesays.com\/se\/104383\/"},"modified":"2025-12-13T07:58:07","modified_gmt":"2025-12-13T07:58:07","slug":"13-december-07-56-sammanfattning-natt-orebro-lan","status":"publish","type":"post","link":"https:\/\/www.europesays.com\/se\/104383\/","title":{"rendered":"13 december 07.56, Sammanfattning natt, \u00d6rebro l\u00e4n"},"content":{"rendered":"<p><strong>Misshandel, Kumla<\/strong><br \/>22.41. En anm\u00e4lan uppr\u00e4ttas g\u00e4llande misshandel samt skadeg\u00f6relse d\u00e5 en kvinna i 40-\u00e5rs\u00e5ldern blivit slagen av en man i 60-\u00e5rs\u00e5ldern. Mannen ska \u00e4ven ha f\u00f6rst\u00f6rt kvinnans telefon i samband med h\u00e4ndelsen.\u00a0<\/p>\n<p><strong>Trafikbrott, \u00d6rebro<\/strong><br \/>23.00. En man i \u00f6vre ton\u00e5ren stoppades p\u00e5 Fredsgatan av polispatrull med anledning av att han framf\u00f6rde en elsparkcykel i motsatt f\u00e4rdriktning mot trafiken. K\u00f6rkortet omh\u00e4ndertogs p\u00e5 plats och en anm\u00e4lan om v\u00e5rdsl\u00f6shet i trafik uppr\u00e4ttades. Ytterligare tv\u00e5 m\u00e4n i \u00f6vre ton\u00e5ren f\u00e5r b\u00f6ter d\u00e5 de k\u00f6rde f\u00f6r m\u00e5nga p\u00e5 en elsparkcykel.\u00a0<\/p>\n<p><strong>Sexuellt ofredande, \u00d6rebro<\/strong><br \/>23.11. En anm\u00e4lan skrivs g\u00e4llande sexuellt ofredande d\u00e5 en man i 50-\u00e5rs\u00e5ldern trakasserat en kvinna i 30-\u00e5rs\u00e5ldern p\u00e5 S\u00f6der. Patrullen har h\u00f6rt vittnen samt m\u00e5ls\u00e4ganden.\u00a0<\/p>\n<p><strong>V\u00e5ld mot tj\u00e4nsteman, \u00d6rebro<\/strong><br \/>23.48. En flicka i \u00f6vre ton\u00e5ren blir misst\u00e4nkt f\u00f6r v\u00e5ld mot tj\u00e4nsteman efter att ha sparkat en ordningsvakt p\u00e5 benet p\u00e5 en adress i City.\u00a0<\/p>\n<p><strong>Misshandel, Karlskoga<\/strong><br \/>23.54. Anm\u00e4lan skrivs om misshandel d\u00e5 en entr\u00e9v\u00e4rd blivit slagen i ansiktet av en g\u00e4st i Bohult. Misst\u00e4nkt \u00e4r en man i 55-\u00e5rs\u00e5ldern.\u00a0<\/p>\n<p><strong>Misshandel, \u00d6rebro<\/strong><br \/>00.10. Ett br\u00e5k utbryter p\u00e5 en restaurang i City. En man i 30-\u00e5rs\u00e5ldern k\u00f6rs till akuten av en patrull d\u00e5 han blivit skallad av en annan g\u00e4st och i samband med detta \u00e5dragit sig en fraktur p\u00e5 n\u00e4sbenet. Anm\u00e4lan skrivs. Det finns ingen misst\u00e4nkt i nul\u00e4get.\u00a0<\/p>\n<p><strong>Misshandel, \u00d6rebro<\/strong><br \/>00.41. En man i \u00f6vre ton\u00e5ren kontaktar polisen med anledning av att en utpekad g\u00e4rningsman stulit hans mobiltelefon samt slagit m\u00e5ls\u00e4ganden i samband med detta. En dryg halvtimme senare kan den misst\u00e4nkte antr\u00e4ffas och omh\u00e4ndertas med st\u00f6d enligt LOB, lagen om omh\u00e4ndertagande av berusad person. Han blir misst\u00e4nkt f\u00f6r grov st\u00f6ld, olaga hot samt misshandel.\u00a0<\/p>\n<p><strong>Misshandel, \u00d6rebro<\/strong><br \/>01.35. Anm\u00e4lan och motanm\u00e4lan g\u00e4llande misshandel uppr\u00e4ttas d\u00e5 tv\u00e5 m\u00e4n i 30-\u00e5rs\u00e5ldern hamnat i br\u00e5k med varandra p\u00e5 Engelbrektsgatan i City. Ingen ska ha \u00e5dragit sig n\u00e5gra allvarligare skador.\u00a0<\/p>\n<p><strong>F\u00f6rs\u00f6k till st\u00f6ld genom inbrott, Lindesberg<\/strong><br \/>02.05. Ok\u00e4nd g\u00e4rningsperson ska ha f\u00f6rs\u00f6kt bryta sig in i en stuga i Fornaboda. Patrull har varit p\u00e5 plats men ej antr\u00e4ffat n\u00e5gon misst\u00e4nkt. Anm\u00e4lan skrivs.\u00a0<\/p>\n<p><strong>Rattfylleri, \u00d6rebro<\/strong><br \/>03.28. En manlig bilist i 50-\u00e5rs\u00e5ldern bl\u00e5ser positivt i s\u00e5llningsinstrumentet och tas med f\u00f6r vidare provtagning. Stoppet genomf\u00f6rdes p\u00e5 Ekersv\u00e4gen i Varberga.\u00a0<\/p>\n<p><strong>Rattfylleri, Hallsberg<\/strong><br \/>03.45. En man i 25-\u00e5rs\u00e5ldern stoppas f\u00f6r kontroll efter f\u00e4rd p\u00e5 E20, vid \u00d6stansj\u00f6. Mannen uppvisar tecken p\u00e5 narkotikap\u00e5verkan och tas med f\u00f6r provtagningar. Anm\u00e4lan skrivs g\u00e4llande drograttfylleri samt ringa narkotikabrott eget bruk.\u00a0<\/p>\n<p><strong>Skadeg\u00f6relse, \u00d6rebro<\/strong><br \/>03.51. En f\u00f6nsterruta har krossats p\u00e5 en adress p\u00e5 \u00d6ster. Patrull har varit p\u00e5 plats och fotodokumenterat. Anm\u00e4lan skrivs. Det finns ingen misst\u00e4nkt.\u00a0<\/p>\n","protected":false},"excerpt":{"rendered":"Misshandel, Kumla22.41. En anm\u00e4lan uppr\u00e4ttas g\u00e4llande misshandel samt skadeg\u00f6relse d\u00e5 en kvinna i 40-\u00e5rs\u00e5ldern blivit slagen av en&hellip;\n","protected":false},"author":2,"featured_media":54,"comment_status":"","ping_status":"","sticky":false,"template":"","format":"standard","meta":{"footnotes":""},"categories":[12],"tags":[22,23,26,27,17,21,24,25,28,29,15,16,18,34,31,33,32,30,19,20],"class_list":{"0":"post-104383","1":"post","2":"type-post","3":"status-publish","4":"format-standard","5":"has-post-thumbnail","7":"category-sverige","8":"tag-breaking-news","9":"tag-breakingnews","10":"tag-featured-news","11":"tag-featurednews","12":"tag-headlines","13":"tag-huvudnyheter","14":"tag-latest-news","15":"tag-latestnews","16":"tag-main-news","17":"tag-mainnews","18":"tag-news","19":"tag-nyheter","20":"tag-rubriker","21":"tag-se","22":"tag-svenska","23":"tag-sverige","24":"tag-sweden","25":"tag-swedish","26":"tag-top-stories","27":"tag-topstories"},"share_on_mastodon":{"url":"https:\/\/pubeurope.com\/@se\/115711200760372281","error":""},"_links":{"self":[{"href":"https:\/\/www.europesays.com\/se\/wp-json\/wp\/v2\/posts\/104383","targetHints":{"allow":["GET"]}}],"collection":[{"href":"https:\/\/www.europesays.com\/se\/wp-json\/wp\/v2\/posts"}],"about":[{"href":"https:\/\/www.europesays.com\/se\/wp-json\/wp\/v2\/types\/post"}],"author":[{"embeddable":true,"href":"https:\/\/www.europesays.com\/se\/wp-json\/wp\/v2\/users\/2"}],"replies":[{"embeddable":true,"href":"https:\/\/www.europesays.com\/se\/wp-json\/wp\/v2\/comments?post=104383"}],"version-history":[{"count":0,"href":"https:\/\/www.europesays.com\/se\/wp-json\/wp\/v2\/posts\/104383\/revisions"}],"wp:featuredmedia":[{"embeddable":true,"href":"https:\/\/www.europesays.com\/se\/wp-json\/wp\/v2\/media\/54"}],"wp:attachment":[{"href":"https:\/\/www.europesays.com\/se\/wp-json\/wp\/v2\/media?parent=104383"}],"wp:term":[{"taxonomy":"category","embeddable":true,"href":"https:\/\/www.europesays.com\/se\/wp-json\/wp\/v2\/categories?post=104383"},{"taxonomy":"post_tag","embeddable":true,"href":"https:\/\/www.europesays.com\/se\/wp-json\/wp\/v2\/tags?post=104383"}],"curies":[{"name":"wp","href":"https:\/\/api.w.org\/{rel}","templated":true}]}}