{"id":104384,"date":"2025-12-13T07:59:10","date_gmt":"2025-12-13T07:59:10","guid":{"rendered":"https:\/\/www.europesays.com\/se\/104384\/"},"modified":"2025-12-13T07:59:10","modified_gmt":"2025-12-13T07:59:10","slug":"polisens-rapport-fran-natten-en-person-omhandertogs-i-skelleftea","status":"publish","type":"post","link":"https:\/\/www.europesays.com\/se\/104384\/","title":{"rendered":"Polisens rapport fr\u00e5n natten, en person omh\u00e4ndertogs i Skellefte\u00e5"},"content":{"rendered":"<p>Under natten har tre personer i Ume\u00e5 omh\u00e4ndertagits enligt LOB, lagen om omh\u00e4ndertagande av berusade personer.\u00a0En person har ocks\u00e5 omh\u00e4ndertagits i Skellefte\u00e5, denne misst\u00e4nks f\u00f6r f\u00f6rs\u00f6k till st\u00f6ld, v\u00e5ldsamt motst\u00e5nd och v\u00e5ld mot tj\u00e4nsteman.Under natten har polisen gripit en man i Vindelns kommun som misst\u00e4nks ha misshandlat en kvinna som han har en relation med. Efte<\/p>\n","protected":false},"excerpt":{"rendered":"Under natten har tre personer i Ume\u00e5 omh\u00e4ndertagits enligt LOB, lagen om omh\u00e4ndertagande av berusade personer.\u00a0En person har&hellip;\n","protected":false},"author":2,"featured_media":16712,"comment_status":"","ping_status":"","sticky":false,"template":"","format":"standard","meta":{"footnotes":""},"categories":[5],"tags":[22,23,26,27,17,21,24,25,28,29,15,16,18,34,31,33,32,30,19,20],"class_list":{"0":"post-104384","1":"post","2":"type-post","3":"status-publish","4":"format-standard","5":"has-post-thumbnail","7":"category-rubriker","8":"tag-breaking-news","9":"tag-breakingnews","10":"tag-featured-news","11":"tag-featurednews","12":"tag-headlines","13":"tag-huvudnyheter","14":"tag-latest-news","15":"tag-latestnews","16":"tag-main-news","17":"tag-mainnews","18":"tag-news","19":"tag-nyheter","20":"tag-rubriker","21":"tag-se","22":"tag-svenska","23":"tag-sverige","24":"tag-sweden","25":"tag-swedish","26":"tag-top-stories","27":"tag-topstories"},"share_on_mastodon":{"url":"https:\/\/pubeurope.com\/@se\/115711204664414212","error":""},"_links":{"self":[{"href":"https:\/\/www.europesays.com\/se\/wp-json\/wp\/v2\/posts\/104384","targetHints":{"allow":["GET"]}}],"collection":[{"href":"https:\/\/www.europesays.com\/se\/wp-json\/wp\/v2\/posts"}],"about":[{"href":"https:\/\/www.europesays.com\/se\/wp-json\/wp\/v2\/types\/post"}],"author":[{"embeddable":true,"href":"https:\/\/www.europesays.com\/se\/wp-json\/wp\/v2\/users\/2"}],"replies":[{"embeddable":true,"href":"https:\/\/www.europesays.com\/se\/wp-json\/wp\/v2\/comments?post=104384"}],"version-history":[{"count":0,"href":"https:\/\/www.europesays.com\/se\/wp-json\/wp\/v2\/posts\/104384\/revisions"}],"wp:featuredmedia":[{"embeddable":true,"href":"https:\/\/www.europesays.com\/se\/wp-json\/wp\/v2\/media\/16712"}],"wp:attachment":[{"href":"https:\/\/www.europesays.com\/se\/wp-json\/wp\/v2\/media?parent=104384"}],"wp:term":[{"taxonomy":"category","embeddable":true,"href":"https:\/\/www.europesays.com\/se\/wp-json\/wp\/v2\/categories?post=104384"},{"taxonomy":"post_tag","embeddable":true,"href":"https:\/\/www.europesays.com\/se\/wp-json\/wp\/v2\/tags?post=104384"}],"curies":[{"name":"wp","href":"https:\/\/api.w.org\/{rel}","templated":true}]}}